{"id":1331,"date":"2013-06-04T16:57:09","date_gmt":"2013-06-04T16:57:09","guid":{"rendered":"https:\/\/peterkus.net\/si\/?p=1331"},"modified":"2016-04-02T06:29:46","modified_gmt":"2016-04-02T06:29:46","slug":"tri-predstave-na-festivalu-v-sibeniku","status":"publish","type":"post","link":"https:\/\/peterkus.net\/si\/2013\/06\/04\/tri-predstave-na-festivalu-v-sibeniku\/","title":{"rendered":"Tri predstave na festivalu v \u0160ibeniku"},"content":{"rendered":"<p>Tri predstave Petra Kusa bodo prikazane na leto\u0161njem <a href=\"http:\/\/www.mdf-sibenik.com\/\">Mednarodnem otro\u0161kem festivalu<\/a> v \u0160ibeniku na Hrva\u0161kem. Festival letos poteka \u017ee 53-i\u010d in sodi med najstarej\u0161e in tudi najve\u010dje festivale umetnosti za otroke na podro\u010dju Mediterana.<\/p>\n<p>Predstave so na sporedu:<\/p>\n<ul>\n<li><a href=\"https:\/\/peterkus.net\/si\/projects\/grad-predstava\/\">Pojo\u010di grad<\/a> v\u00a0\u010detrtek, 27. junija ob 19h, HNK \u0160ibenik,<\/li>\n<li><a href=\"https:\/\/peterkus.net\/si\/projects\/kralj\/\">Kralj prislu\u0161kuje<\/a> v petek, 28. junija ob\u00a0 21h, Ljetna pozornica in<\/li>\n<li><a href=\"https:\/\/peterkus.net\/si\/projects\/gozd\/\">Gozd raja!<\/a> v torek, 2. julija ob 20h, Trg Petra Ivana II..<\/li>\n<\/ul>\n<p>Vljudno vabljeni!<\/p>\n","protected":false},"excerpt":{"rendered":"<p>Tri predstave Petra Kusa bodo prikazane na leto\u0161njem Mednarodnem otro\u0161kem festivalu v \u0160ibeniku na Hrva\u0161kem. Festival letos poteka \u017ee 53-i\u010d in sodi med najstarej\u0161e in tudi najve\u010dje festivale umetnosti za otroke na podro\u010dju Mediterana. Predstave so na sporedu: Pojo\u010di grad v\u00a0\u010detrtek, 27. junija ob 19h, HNK \u0160ibenik, Kralj prislu\u0161kuje v petek, 28. junija ob\u00a0 21h, [&hellip;]<\/p>\n","protected":false},"author":1,"featured_media":0,"comment_status":"closed","ping_status":"closed","sticky":false,"template":"","format":"standard","meta":{"om_disable_all_campaigns":false,"_mi_skip_tracking":false},"categories":[3,2],"tags":[],"aioseo_notices":[],"_links":{"self":[{"href":"https:\/\/peterkus.net\/si\/wp-json\/wp\/v2\/posts\/1331"}],"collection":[{"href":"https:\/\/peterkus.net\/si\/wp-json\/wp\/v2\/posts"}],"about":[{"href":"https:\/\/peterkus.net\/si\/wp-json\/wp\/v2\/types\/post"}],"author":[{"embeddable":true,"href":"https:\/\/peterkus.net\/si\/wp-json\/wp\/v2\/users\/1"}],"replies":[{"embeddable":true,"href":"https:\/\/peterkus.net\/si\/wp-json\/wp\/v2\/comments?post=1331"}],"version-history":[{"count":6,"href":"https:\/\/peterkus.net\/si\/wp-json\/wp\/v2\/posts\/1331\/revisions"}],"predecessor-version":[{"id":1422,"href":"https:\/\/peterkus.net\/si\/wp-json\/wp\/v2\/posts\/1331\/revisions\/1422"}],"wp:attachment":[{"href":"https:\/\/peterkus.net\/si\/wp-json\/wp\/v2\/media?parent=1331"}],"wp:term":[{"taxonomy":"category","embeddable":true,"href":"https:\/\/peterkus.net\/si\/wp-json\/wp\/v2\/categories?post=1331"},{"taxonomy":"post_tag","embeddable":true,"href":"https:\/\/peterkus.net\/si\/wp-json\/wp\/v2\/tags?post=1331"}],"curies":[{"name":"wp","href":"https:\/\/api.w.org\/{rel}","templated":true}]}}