{"id":1445,"date":"2013-10-06T11:39:12","date_gmt":"2013-10-06T11:39:12","guid":{"rendered":"https:\/\/peterkus.net\/si\/?p=1445"},"modified":"2016-03-18T09:33:00","modified_gmt":"2016-03-18T09:33:00","slug":"delavnica-taboo-belgrade-in-festival-stella","status":"publish","type":"post","link":"https:\/\/peterkus.net\/si\/2013\/10\/06\/delavnica-taboo-belgrade-in-festival-stella\/","title":{"rendered":"Delavnica Taboo Belgrade in festival Stella"},"content":{"rendered":"<p>Peter Kus se bo udele\u017eil delavnice <strong>Taboo Belgrade 2013<\/strong>, ki bo med 7. in 11. oktobrom 2013 potekala v Beogradu v Srbiji. Delavnico organizira ASSITEJ Srbija in je del ve\u010d let trajajo\u010dega projekta\u00a0<em> The Taboo Workshop<\/em>, ki je potekal v razli\u010dnih dr\u017eavah (Rio de Janeiro, Brazilija; K\u00f8benhavn, Danska; Linz, Avstrija) in se ukvarja z obravnavo razli\u010dnih tabuiziranih tem v gledali\u0161\u010du za otroke in mlade.<\/p>\n<p>Avtor se bo med 15. in 18. oktobrom udele\u017eil tudi festivala <strong>Stella 2013<\/strong> v Grazu v Avstiji. Na festivalu bodo prikazane najbolj\u0161e gledali\u0161ke, plesne in glasbene predstave zadnjega leta, ki so nastale v Avstriji.<\/p>\n","protected":false},"excerpt":{"rendered":"<p>Peter Kus se bo udele\u017eil delavnice Taboo Belgrade 2013, ki bo med 7. in 11. oktobrom 2013 potekala v Beogradu v Srbiji. Delavnico organizira ASSITEJ Srbija in je del ve\u010d let trajajo\u010dega projekta\u00a0 The Taboo Workshop, ki je potekal v razli\u010dnih dr\u017eavah (Rio de Janeiro, Brazilija; K\u00f8benhavn, Danska; Linz, Avstrija) in se ukvarja z obravnavo [&hellip;]<\/p>\n","protected":false},"author":1,"featured_media":0,"comment_status":"closed","ping_status":"closed","sticky":false,"template":"","format":"standard","meta":{"om_disable_all_campaigns":false,"_mi_skip_tracking":false},"categories":[3,2],"tags":[],"aioseo_notices":[],"_links":{"self":[{"href":"https:\/\/peterkus.net\/si\/wp-json\/wp\/v2\/posts\/1445"}],"collection":[{"href":"https:\/\/peterkus.net\/si\/wp-json\/wp\/v2\/posts"}],"about":[{"href":"https:\/\/peterkus.net\/si\/wp-json\/wp\/v2\/types\/post"}],"author":[{"embeddable":true,"href":"https:\/\/peterkus.net\/si\/wp-json\/wp\/v2\/users\/1"}],"replies":[{"embeddable":true,"href":"https:\/\/peterkus.net\/si\/wp-json\/wp\/v2\/comments?post=1445"}],"version-history":[{"count":1,"href":"https:\/\/peterkus.net\/si\/wp-json\/wp\/v2\/posts\/1445\/revisions"}],"predecessor-version":[{"id":1446,"href":"https:\/\/peterkus.net\/si\/wp-json\/wp\/v2\/posts\/1445\/revisions\/1446"}],"wp:attachment":[{"href":"https:\/\/peterkus.net\/si\/wp-json\/wp\/v2\/media?parent=1445"}],"wp:term":[{"taxonomy":"category","embeddable":true,"href":"https:\/\/peterkus.net\/si\/wp-json\/wp\/v2\/categories?post=1445"},{"taxonomy":"post_tag","embeddable":true,"href":"https:\/\/peterkus.net\/si\/wp-json\/wp\/v2\/tags?post=1445"}],"curies":[{"name":"wp","href":"https:\/\/api.w.org\/{rel}","templated":true}]}}