{"id":1581,"date":"2014-01-15T18:08:47","date_gmt":"2014-01-15T18:08:47","guid":{"rendered":"https:\/\/peterkus.net\/si\/?p=1581"},"modified":"2016-03-11T05:02:14","modified_gmt":"2016-03-11T05:02:14","slug":"pojoci-grad-na-festivalu-bobri","status":"publish","type":"post","link":"https:\/\/peterkus.net\/si\/2014\/01\/15\/pojoci-grad-na-festivalu-bobri\/","title":{"rendered":"Pojo\u010di grad na festivalu Bobri"},"content":{"rendered":"<p>Predstava Pojo\u010di grad je uvr\u0161\u010dena v program leto\u0161njega festivala kulturno-umetnostne vzgoje <strong><a href=\"http:\/\/www.mladinsko.com\/predstave\/festival-bobri\/\" target=\"_blank\">Bobri<\/a>,<\/strong> ki bo potekal na razli\u010dnih prizori\u0161\u010dih v Ljubljani od 25. 1. do 7. 2. 2014. Temi festivala sta film in rimska Emona (letos poteka 2000 let od njene ustanovitve).<a href=\"http:\/\/www.mladinsko.com\/predstave\/festival-bobri\/\"><img loading=\"lazy\" class=\"alignnone size-full wp-image-1586\" src=\"https:\/\/peterkus.net\/si\/wp-content\/uploads\/sites\/2\/2014\/01\/image001.png\" alt=\"image001\" width=\"771\" height=\"450\" srcset=\"https:\/\/peterkus.net\/si\/wp-content\/uploads\/sites\/2\/2014\/01\/image001.png 771w, https:\/\/peterkus.net\/si\/wp-content\/uploads\/sites\/2\/2014\/01\/image001-300x175.png 300w\" sizes=\"(max-width: 771px) 100vw, 771px\" \/><\/a><\/p>\n<p>Pojo\u010di grad, ki temelji na video projekcijah ter ra\u010dunalni\u0161ki animaciji v \u017eivo, bo na sporedu <strong>v petek, 7. 2. ob 9h30<\/strong> (zaklju\u010dena predstava za vrtce in \u0161ole) ter <strong>ob 17h<\/strong> (za izven) v <a href=\"http:\/\/www.spanskiborci.si\/\" target=\"_blank\">Centru kulture \u0160panski borci<\/a>.<\/p>\n<p>Vstopnice za popoldansko predstavo so <strong>brezpla\u010dne<\/strong>, v prodaji pa bodo <span style=\"text-decoration: underline;\">v soboto, 18. 1., od 11. do 18. ure<\/span> in <span style=\"text-decoration: underline;\">v\u00a0 nedeljo, 19. 1., od 11. do 14. ure<\/span> v Festivalni dvorani, Vilharjeva 11 v Ljubljani. Zaradi velikega zanimanja pridite po njih pravo\u010dasno!<\/p>\n<p>Toplo vabljeni!<\/p>\n<p>&nbsp;<\/p>\n<p>&nbsp;<\/p>\n","protected":false},"excerpt":{"rendered":"<p>Predstava Pojo\u010di grad je uvr\u0161\u010dena v program leto\u0161njega festivala kulturno-umetnostne vzgoje Bobri, ki bo potekal na razli\u010dnih prizori\u0161\u010dih v Ljubljani od 25. 1. do 7. 2. 2014. Temi festivala sta film in rimska Emona (letos poteka 2000 let od njene ustanovitve). Pojo\u010di grad, ki temelji na video projekcijah ter ra\u010dunalni\u0161ki animaciji v \u017eivo, bo na [&hellip;]<\/p>\n","protected":false},"author":1,"featured_media":0,"comment_status":"closed","ping_status":"closed","sticky":false,"template":"","format":"standard","meta":{"om_disable_all_campaigns":false,"_mi_skip_tracking":false},"categories":[3,2],"tags":[],"aioseo_notices":[],"_links":{"self":[{"href":"https:\/\/peterkus.net\/si\/wp-json\/wp\/v2\/posts\/1581"}],"collection":[{"href":"https:\/\/peterkus.net\/si\/wp-json\/wp\/v2\/posts"}],"about":[{"href":"https:\/\/peterkus.net\/si\/wp-json\/wp\/v2\/types\/post"}],"author":[{"embeddable":true,"href":"https:\/\/peterkus.net\/si\/wp-json\/wp\/v2\/users\/1"}],"replies":[{"embeddable":true,"href":"https:\/\/peterkus.net\/si\/wp-json\/wp\/v2\/comments?post=1581"}],"version-history":[{"count":6,"href":"https:\/\/peterkus.net\/si\/wp-json\/wp\/v2\/posts\/1581\/revisions"}],"predecessor-version":[{"id":2808,"href":"https:\/\/peterkus.net\/si\/wp-json\/wp\/v2\/posts\/1581\/revisions\/2808"}],"wp:attachment":[{"href":"https:\/\/peterkus.net\/si\/wp-json\/wp\/v2\/media?parent=1581"}],"wp:term":[{"taxonomy":"category","embeddable":true,"href":"https:\/\/peterkus.net\/si\/wp-json\/wp\/v2\/categories?post=1581"},{"taxonomy":"post_tag","embeddable":true,"href":"https:\/\/peterkus.net\/si\/wp-json\/wp\/v2\/tags?post=1581"}],"curies":[{"name":"wp","href":"https:\/\/api.w.org\/{rel}","templated":true}]}}