{"id":1665,"date":"2014-02-28T14:23:20","date_gmt":"2014-02-28T14:23:20","guid":{"rendered":"https:\/\/peterkus.net\/si\/?p=1665"},"modified":"2016-04-02T06:30:25","modified_gmt":"2016-04-02T06:30:25","slug":"kulturni-bazar-2014","status":"publish","type":"post","link":"https:\/\/peterkus.net\/si\/2014\/02\/28\/kulturni-bazar-2014\/","title":{"rendered":"Kulturni bazar 2014"},"content":{"rendered":"<p>Peter Kus se bo s svojimi projekti in skupaj z Zavodom Federacija predstavljal tudi na leto\u0161njem Kulturnem bazarju, ki bo potekal <strong>26. 3. v Cankarjevem domu<\/strong>.<\/p>\n<p style=\"text-align: center;\">\u00a0<a href=\"http:\/\/www.kulturnibazar.si\/domov\/\" target=\"_blank\"><img loading=\"lazy\" class=\" wp-image-1667 aligncenter\" src=\"https:\/\/peterkus.net\/si\/wp-content\/uploads\/sites\/2\/2014\/02\/veliki-KB-14-FB.jpg\" alt=\"veliki KB 14 FB\" width=\"489\" height=\"183\" srcset=\"https:\/\/peterkus.net\/si\/wp-content\/uploads\/sites\/2\/2014\/02\/veliki-KB-14-FB.jpg 815w, https:\/\/peterkus.net\/si\/wp-content\/uploads\/sites\/2\/2014\/02\/veliki-KB-14-FB-300x112.jpg 300w\" sizes=\"(max-width: 489px) 100vw, 489px\" \/><\/a><\/p>\n<p>Obi\u0161\u010dete nas lahko na glasbenem oddleku festivala, kjer bo na ogled tudi majhna razstava izvirnih glasbenih instrumentov. Te bo mogo\u010de tudi preizkusiti!<\/p>\n<p><span style=\"color: #000000;\">Na <strong><span style=\"color: #00ff00;\">glasbenem odru <\/span><\/strong>bo od <span style=\"color: #00ff00;\"><strong>11.15 do 12.00<\/strong><\/span> na spodredu predavanje, demonstracija oz. delavnica <b>Izvirni glasbeni instrumenti v \u0161oli, <\/b>za <em>vzgojitelje, u\u010ditelje O\u0160<\/em> in S\u0160:<\/span><\/p>\n<p><span style=\"color: #000000;\"><em>Izvaja: <\/em>Peter Kus <\/span><br \/>\n<span style=\"color: #000000;\"><em> Avtor bo s prakti\u010dnimi primeri predstavil podro\u010dje izvirnih glasbenih instrumentov in njihove uporabo pri \u0161olskem pouku. Izvirne glasbene instrumente lahko otroci izdelujejo sami in pri tem spoznavajo razli\u010dna podro\u010dja glasbe, likovne umetnosti, tehni\u010dnih spretnosti in znanosti (fizike). Ponujajo odli\u010dno prilo\u017enost za medpredmetne povezave v \u0161oli, za krepitev ustvarjalnosti otrok in projekto delo, s poudarkom na izku\u0161njah.<\/em><\/span><\/p>\n<p>Veseli bomo, \u010de nas boste obiskali!<\/p>\n<p>&nbsp;<\/p>\n<p>&nbsp;<\/p>\n<p>&nbsp;<\/p>\n<p>&nbsp;<\/p>\n<p>&nbsp;<\/p>\n","protected":false},"excerpt":{"rendered":"<p>Peter Kus se bo s svojimi projekti in skupaj z Zavodom Federacija predstavljal tudi na leto\u0161njem Kulturnem bazarju, ki bo potekal 26. 3. v Cankarjevem domu. \u00a0 Obi\u0161\u010dete nas lahko na glasbenem oddleku festivala, kjer bo na ogled tudi majhna razstava izvirnih glasbenih instrumentov. Te bo mogo\u010de tudi preizkusiti! Na glasbenem odru bo od 11.15 [&hellip;]<\/p>\n","protected":false},"author":1,"featured_media":0,"comment_status":"closed","ping_status":"closed","sticky":false,"template":"","format":"standard","meta":{"om_disable_all_campaigns":false,"_mi_skip_tracking":false},"categories":[4,3,2],"tags":[],"aioseo_notices":[],"_links":{"self":[{"href":"https:\/\/peterkus.net\/si\/wp-json\/wp\/v2\/posts\/1665"}],"collection":[{"href":"https:\/\/peterkus.net\/si\/wp-json\/wp\/v2\/posts"}],"about":[{"href":"https:\/\/peterkus.net\/si\/wp-json\/wp\/v2\/types\/post"}],"author":[{"embeddable":true,"href":"https:\/\/peterkus.net\/si\/wp-json\/wp\/v2\/users\/1"}],"replies":[{"embeddable":true,"href":"https:\/\/peterkus.net\/si\/wp-json\/wp\/v2\/comments?post=1665"}],"version-history":[{"count":6,"href":"https:\/\/peterkus.net\/si\/wp-json\/wp\/v2\/posts\/1665\/revisions"}],"predecessor-version":[{"id":2861,"href":"https:\/\/peterkus.net\/si\/wp-json\/wp\/v2\/posts\/1665\/revisions\/2861"}],"wp:attachment":[{"href":"https:\/\/peterkus.net\/si\/wp-json\/wp\/v2\/media?parent=1665"}],"wp:term":[{"taxonomy":"category","embeddable":true,"href":"https:\/\/peterkus.net\/si\/wp-json\/wp\/v2\/categories?post=1665"},{"taxonomy":"post_tag","embeddable":true,"href":"https:\/\/peterkus.net\/si\/wp-json\/wp\/v2\/tags?post=1665"}],"curies":[{"name":"wp","href":"https:\/\/api.w.org\/{rel}","templated":true}]}}