{"id":1886,"date":"2014-06-19T05:47:48","date_gmt":"2014-06-19T05:47:48","guid":{"rendered":"https:\/\/peterkus.net\/si\/?p=1886"},"modified":"2015-12-27T02:27:26","modified_gmt":"2015-12-27T02:27:26","slug":"zvocni-vrt-v-sibeniku-na-hrvaskem","status":"publish","type":"post","link":"https:\/\/peterkus.net\/si\/2014\/06\/19\/zvocni-vrt-v-sibeniku-na-hrvaskem\/","title":{"rendered":"Zvo\u010dni vrt v \u0160ibeniku na Hrva\u0161kem"},"content":{"rendered":"<p style=\"text-align: center;\">Interaktivna razstava izvirnih glasbenih instrumentov <strong><a href=\"https:\/\/peterkus.net\/si\/projects\/vrt\/\">Zvo\u010dni vrt<\/a><\/strong> bo od <strong>22. 6. do 5. 7.<\/strong> na ogled v <em>Muzeju grada \u0160ibenik<\/em>, v \u0160ibeniku na Hrva\u0161kem. Postavitev\u00a0 je del programa <a href=\"http:\/\/www.mdf-sibenik.com\/\" target=\"_blank\">Mednarodnega otro\u0161kega festivala \u0160ibenik<\/a>.<img loading=\"lazy\" class=\"alignnone wp-image-1690 size-large\" src=\"https:\/\/peterkus.net\/wp-content\/uploads\/2014\/06\/LOGO-zvucni-vrt-RGB-1024x365.jpg\" alt=\"LOGO zvucni vrt RGB\" width=\"1024\" height=\"365\" \/>SODELUJO\u010cI:<\/p>\n<p style=\"text-align: center;\">Idejna zasnova in izvirni instrumenti: <strong>Peter Kus<\/strong><br \/>\nOblikovanje instrumentov: <strong>NatanEsku<\/strong><br \/>\nOblikovanje razstave: <strong>Andrej \u0160tular<\/strong><br \/>\nGrafi\u010dno oblikovanje: <strong>\u017diva Mo\u0161kri\u010d<\/strong><br \/>\nIzdelava instrumentov: <strong>Peter Kus, Jaka Miheli\u010d, Adolf Ko\u0161mrl, Jurij Kus<\/strong><br \/>\nProdukcija: <strong>Federacija Ljubljana<\/strong> in <strong>Forum Ljubljana<\/strong><\/p>\n<p style=\"text-align: center;\"><em>Gostovanje razstave sta omogo\u010dila Ministrstvo za kulturo RS in Veleposlani\u0161tvo RS v Zagrebu.<\/em><\/p>\n<p><strong>Zvo\u010dni vrt<\/strong> je interaktivna razstava izvirnih glasbenih instrumentov glasbenika in re\u017eiserja Petra Kusa. Je nadaljevanje niza razstav, ki jih je avtor v zadnjih letih pod skupnim naslovom <a href=\"http:\/\/www.euphonia-city.net\/\">Evfonija <\/a>postavil v Ljubljani (Slovenski etnografski muzej, 2008), Celju (Pelikanov stolp na Starem gradu, 2009) in Mariboru (Muzej narodne osvoboditve, 2010 in Vetrinjski dvorec, 2011) ter pri njih sodeloval z razli\u010dnimi slovenskimi oblikovalci (NataEsku, Kaja Avber\u0161ek, Gregor Lorenci, Andrej \u0160tular). Tokratna postavitev je bila v letu 2012 na ogled v Reimsu v Franciji (La lune, Tinqueux), lani pa v Ljubljani (LGL) in Welsu v Avstriji (Minoriten).<\/p>\n<p>Zvo\u010dni vrt je ume\u0161\u010den v nami\u0161ljeni \u00bbbotani\u010dno-zoolo\u0161ko-akusti\u010dni\u00ab vrt, v katerem so rastline in \u017eivali oblikovane v zvene\u010de objekte in instrumente. Razstava je namenjena raziskovanju ne\u0161tetih mo\u017enosti, ki jih omogo\u010da proizvajanje zvokov z razli\u010dnimi materiali. Razstava je zasnovana interaktivno in \u017eeli obiskovalce spodbuditi, da glasbo tudi sami raziskujejo in ustvarjajo, namesto da bi jo le pasivno poslu\u0161ali. Primerna je za otroke, starej\u0161e od 5 let in odrasle.<\/p>\n<p>V okviru postavitve razstave bo potekala tudi 5-dnevna delavnica za otroke in mladostnike, ki bo posve\u010dena izdelovanju izvirnih instrumentov in ustvarjanju z njimi. Avtor bi z otroci soustvarili tudi glasbeno-gledali\u0161ki performans Bum, bum, tresk in ga 27. 6. tudi izvedli v okviru festivalskega programa.<\/p>\n<p><strong><a href=\"http:\/\/www.mdf-sibenik.com\/\" target=\"_blank\">Mednarodni otro\u0161ki festival \u0160ibenik<\/a><\/strong> je najpomembnej\u0161i in najstarej\u0161i festival umetnosti za otroke na podro\u010dju Balkana, ki bo letos potekal \u017ee 54-ti\u010d. Deluje pod okriljem UNESCA in UNICEFFA ter pokroviteljstvom predsednika Republike Hrva\u0161ke dr. Iva Josipovi\u0107a. Poleg \u0161tevilnih predstav organizatorji vsako leto v program festivala uvrstijo eno razstavo tujega avtorja \u2013 letos je ta \u010dast pripadla Petru Kusu.<\/p>\n<p>Fotografije iz preteklih postavitev razstave Zvo\u010dni vrt:<\/p>\n<ul>\n<li><a href=\"https:\/\/www.flickr.com\/photos\/peterkus\/sets\/72157631782370790\/\">Le jardin musical<\/a>, Reims (Francija)<\/li>\n<li><a href=\"https:\/\/www.flickr.com\/photos\/peterkus\/sets\/72157632641724055\/\">Zvo\u010dni vrt<\/a>, LGL (Ljubljana)<\/li>\n<li><a href=\"https:\/\/www.flickr.com\/photos\/peterkus\/sets\/72157644607989563\/\">Klanggarten<\/a>, Wels (Avstrija)<\/li>\n<\/ul>\n<p>Video napovednik: <a href=\"https:\/\/vimeo.com\/67112181\">https:\/\/vimeo.com\/67112181<\/a><\/p>\n<p>O AVTORJU:<\/p>\n<p><strong>Peter Kus<\/strong> je skladatelj, lutkovni re\u017eiser in izdelovalec izvirnih instrumentov. V zadnjem \u010dasu ustvarja avtorske lutkovne predstave v katerih raziskuje obmo\u010dje, kjer se kri\u017eata podro\u010dji glasbe in gledali\u0161\u010da (mdr. <a href=\"https:\/\/peterkus.net\/si\/projects\/kralj\/\">Kralj prislu\u0161kuje<\/a>, 2007, <a href=\"https:\/\/peterkus.net\/si\/projects\/ton\/\">Izgubljeni ton<\/a>, 2010, <a href=\"https:\/\/peterkus.net\/si\/projects\/grad-predstava\/\">Pojo\u010di grad<\/a>, 2011 in <a href=\"https:\/\/peterkus.net\/si\/projects\/gozd\/\">Gozd raja!<\/a>, 2012). Z njimi je gostoval na \u0161tevilnih mednarodnih festivalih in zanje prejel ve\u010d nagrad za izvirnost in glasbo. Poleg razstav pripravlja tudi \u0161tevilne delavnice, seminarje za u\u010ditelje, z ilustratorko Kajo Avber\u0161ek pa je leta 2012 izdal <a href=\"http:\/\/www.ljudmila.org\/stripcore\/minimundus\/pojocigrad\/index.html\">Pojo\u010di grad &#8211; priro\u010dnik za izdelovanje izvirnih in\u0161trumentov v stripu!<\/a>.<\/p>\n","protected":false},"excerpt":{"rendered":"<p>Interaktivna razstava izvirnih glasbenih instrumentov Zvo\u010dni vrt bo od 22. 6. do 5. 7. na ogled v Muzeju grada \u0160ibenik, v \u0160ibeniku na Hrva\u0161kem. Postavitev\u00a0 je del programa Mednarodnega otro\u0161kega festivala \u0160ibenik.SODELUJO\u010cI: Idejna zasnova in izvirni instrumenti: Peter Kus Oblikovanje instrumentov: NatanEsku Oblikovanje razstave: Andrej \u0160tular Grafi\u010dno oblikovanje: \u017diva Mo\u0161kri\u010d Izdelava instrumentov: Peter Kus, Jaka [&hellip;]<\/p>\n","protected":false},"author":1,"featured_media":0,"comment_status":"closed","ping_status":"closed","sticky":false,"template":"","format":"standard","meta":{"om_disable_all_campaigns":false,"_mi_skip_tracking":false},"categories":[4,2],"tags":[],"aioseo_notices":[],"_links":{"self":[{"href":"https:\/\/peterkus.net\/si\/wp-json\/wp\/v2\/posts\/1886"}],"collection":[{"href":"https:\/\/peterkus.net\/si\/wp-json\/wp\/v2\/posts"}],"about":[{"href":"https:\/\/peterkus.net\/si\/wp-json\/wp\/v2\/types\/post"}],"author":[{"embeddable":true,"href":"https:\/\/peterkus.net\/si\/wp-json\/wp\/v2\/users\/1"}],"replies":[{"embeddable":true,"href":"https:\/\/peterkus.net\/si\/wp-json\/wp\/v2\/comments?post=1886"}],"version-history":[{"count":1,"href":"https:\/\/peterkus.net\/si\/wp-json\/wp\/v2\/posts\/1886\/revisions"}],"predecessor-version":[{"id":1887,"href":"https:\/\/peterkus.net\/si\/wp-json\/wp\/v2\/posts\/1886\/revisions\/1887"}],"wp:attachment":[{"href":"https:\/\/peterkus.net\/si\/wp-json\/wp\/v2\/media?parent=1886"}],"wp:term":[{"taxonomy":"category","embeddable":true,"href":"https:\/\/peterkus.net\/si\/wp-json\/wp\/v2\/categories?post=1886"},{"taxonomy":"post_tag","embeddable":true,"href":"https:\/\/peterkus.net\/si\/wp-json\/wp\/v2\/tags?post=1886"}],"curies":[{"name":"wp","href":"https:\/\/api.w.org\/{rel}","templated":true}]}}