{"id":1893,"date":"2019-10-01T07:25:15","date_gmt":"2019-10-01T05:25:15","guid":{"rendered":"https:\/\/peterkus.net\/si\/?p=1893"},"modified":"2025-07-26T11:14:02","modified_gmt":"2025-07-26T09:14:02","slug":"kulturni-dan-z-orkestrom-izvirnih-instrumentov","status":"publish","type":"post","link":"https:\/\/peterkus.net\/si\/2019\/10\/01\/kulturni-dan-z-orkestrom-izvirnih-instrumentov\/","title":{"rendered":"Kulturni dan z Orkestrom izvirnih instrumentov"},"content":{"rendered":"\n<p>Program <a rel=\"noopener noreferrer\" href=\"https:\/\/peterkus.net\/si\/projects\/orkester\/\" target=\"_blank\">Orkester izvirnih instrumentov<\/a> izvajamo tudi kot \u0161olski KULTURNI DAN. V prvi uri u\u010denci prisluhnejo <strong>koncertu<\/strong>, v drugih treh urah pa se v <strong>delavnici<\/strong> tudi sami lotijo izdelovanja glasbil. \u0160tevilo poslu\u0161alcev koncerta je neomejeno, izvedba delavnice pa je mogo\u010da za <strong>najve\u010d 90 otrok<\/strong>, ki so razdeljeni v tri skupine. Program je namenjen <strong>u\u010dencem devetletke ter srednje\u0161olcem<\/strong>. Predstavitev in zahtevnost izdelovanja in\u0161trumentov bosta prilagojena starosti u\u010dencev.<\/p>\n\n\n\n<div class=\"wp-block-image\"><figure class=\"alignright\"><a href=\"https:\/\/peterkus.net\/si\/wp-content\/uploads\/sites\/2\/2014\/04\/orkester_thumb2.jpg\"><img loading=\"lazy\" width=\"300\" height=\"196\" src=\"https:\/\/peterkus.net\/si\/wp-content\/uploads\/sites\/2\/2014\/04\/orkester_thumb2-300x196.jpg\" alt=\"orkester_thumb2\" class=\"wp-image-1814\" srcset=\"https:\/\/peterkus.net\/si\/wp-content\/uploads\/sites\/2\/2014\/04\/orkester_thumb2-300x196.jpg 300w, https:\/\/peterkus.net\/si\/wp-content\/uploads\/sites\/2\/2014\/04\/orkester_thumb2.jpg 321w\" sizes=\"(max-width: 300px) 100vw, 300px\" \/><\/a><\/figure><\/div>\n\n\n\n<p>V programu bosta glasbenika <strong>Peter Kus<\/strong> in <strong>Gregor Hrovat<\/strong> predstavila \u0161tevilne mo\u017enosti, ki jih nudi izdelovanje preprostih zvo\u010dil in in\u0161trumentov iz razli\u010dnih materialov in vsakdanjih predmetov. V prvi uri bosta glasbenika odigrala koncert na izvirnih glasbilih, ki jih izdelal Peter Kus. Glasbila bosta u\u010dencem predstavila, pojasnila akusti\u010dna na\u010dela, po katerih ta glasbila delujejo ter skozi splet razli\u010dnih skladb nakazala njihove izrazne mo\u017enosti ter uporabnost za ustvarjanje glasbe.<\/p>\n\n\n\n<div class=\"wp-block-image\"><figure class=\"alignright\"><img loading=\"lazy\" width=\"300\" height=\"200\" src=\"https:\/\/peterkus.net\/si\/wp-content\/uploads\/sites\/2\/2013\/06\/delavnica_zivalski_instrumenti-16-300x200.jpg\" alt=\"delavnica_zivalski_instrumenti-16\" class=\"wp-image-1264\" srcset=\"https:\/\/peterkus.net\/si\/wp-content\/uploads\/sites\/2\/2013\/06\/delavnica_zivalski_instrumenti-16-300x200.jpg 300w, https:\/\/peterkus.net\/si\/wp-content\/uploads\/sites\/2\/2013\/06\/delavnica_zivalski_instrumenti-16.jpg 700w\" sizes=\"(max-width: 300px) 100vw, 300px\" \/><\/figure><\/div>\n\n\n\n<p>U\u010dencem bosta predstavila tudi osnovna izhodi\u0161\u010da ustvarjanja izvirnih in\u0161trumentov in razli\u010dne mo\u017enosti, ki jih lahko izberejo, ko se lotijo njihove izgradnje. Slednje bodo u\u010denci preizkusili v drugem delu oz. v prakti\u010dnem delu programa: u\u010denci bodo lahko oblikovali razli\u010dne vrste glasbil iz njih sestavili svoj <em>Orkester izvirnih in\u0161trumentov<\/em>. Seznam in\u0161trumentov za izdelavo, ki jih za delavnico izberemo v dogovoru z u\u010ditelji, je objavljen tukaj. Ob skupinskem muziciranju in improvizaciji bodo u\u010denci na izdelanih in\u0161trumentih poizkusili zaigrati preproste skladbe.<\/p>\n\n\n\n<p>Podrobnej\u0161a predstavitev programa <em>Orkester izvirnih instrumentov<\/em> je dostopna <a href=\"https:\/\/peterkus.net\/si\/projects\/orkester\/\">tukaj<\/a>.<\/p>\n\n\n\n<p>Podrobnej\u0161a predstavitev <em>delavnic<\/em> je dostopna <a href=\"https:\/\/peterkus.net\/si\/projects\/delavnice-za-otroke\/\">tukaj<\/a>.<\/p>\n\n\n\n<p><strong><span style=\"text-decoration: underline;\">IZVEDBA:<\/span><\/strong><br>Program izvajamo na \u0161oli. Izvedba naj poteka v akusti\u010dni dvorani ali  u\u010dilnici, kjer je dovolj prostora za najmanj 60 poslu\u0161alcev. Glasbenika za  izvedbo koncerta potrebujeta 4x4m prostora, za izvedbo delavnic pa  potrebujemo klopi, na katerih bodo u\u010denci izdelovali in\u0161trumente. Ta del  lahko poteka v dveh razredih. <\/p>\n\n\n\n<p><span style=\"text-decoration: underline;\"><strong>PRETEKLI NASTOPI NA \u0160OLAH V SLOVENIJI:<\/strong><\/span><br><em>Gimnazija Ljutomer,<br>O\u0160 Bre\u017eice,<br>O\u0160 Brod,<br>O\u0160 8 talcev Logatec,<br>O\u0160 Pod goro Slovenske Konjice,<br>O\u0160 Kanal,<br>O\u0160 \u0160empas,<br>O\u0160 Frana Erjavca Nova Gorica,<br>O\u0160 Dornberk,<br>O\u0160 \u017detale,<br>Gimnazija Ormo\u017e,<br>O\u0160 Danila Lokarja Ajdov\u0161\u010dina,<br>Srednja \u0161ola Jesenice,<br>O\u0160 Deskle,<br>O\u0160 \u0160kofljica,<br>Gimnazija Celje,<br>O\u0160 \u0160kofja Loka \u2013 mesto,<br>O\u0160 Vi\u010d Ljubljana,<br>O\u0160 Dragomelj<br>O\u0160 Kolezija,<\/em><br><em>O\u0160 Bi\u010devje<\/em> (Ljubljana),<br><em>O\u0160 n.h. Maksa Pe\u010darja \u010crnu\u010de<\/em> (Ljubljana),<br><em>O\u0160 Livada<\/em> (Ljubljana),<br><em>O\u0160 Jo\u017eeta Kranjca Rakek<\/em>,<br><em>O\u0160 Menge\u0161<\/em>,<br><em>O\u0160 PP Dragorina Ketteja<\/em> (Novo mesto),<br><em>O\u0160 Vavta vas (Stra\u017ea pri Novem mestu)<\/em>,<br><em>O\u0160 Majde Vrhovnik (Ljubljana),<\/em><br><em>O\u0160 Prebold<\/em><br><em>O\u0160 Lipoglav<\/em> <br><em>O\u0160 Bistrica Tr\u017ei\u010d<\/em> <br><em>O\u0160 A. T. Linharta Radovljica<\/em> <br><em>O\u0160 Savsko naselje Ljubljana<\/em> <br><em>O\u0160 Re\u010dica ob Savinji<\/em> <br><em>O\u0160 Branik<\/em> <br><em>PO\u0160 Razbor<\/em> <br><em>O\u0160 Davorina Jenka Cerklje na Gorenjskem <br>O\u0160 Se\u017eana<\/em><br><em>O\u0160 Notranjskega odreda Cerknica<\/em><br><em>O\u0160 Mirana \u0160u\u0161ter\u0161i\u010da (Ljubljana)<\/em><br><em>O\u0160 \u0160alek (Velenje)<br>O\u0160 Franceta Pre\u0161erna <\/em>(\u010cren\u0161evci)<em><br> O\u0160 Franca Rozmana Staneta <\/em>(Ljubljana)<em><br>O\u0160 Be\u017eigrad <\/em>(Ljubljna) <br><em>O\u0160 \u0160martno pod \u0160marno goro<\/em> <br><em>O\u0160 Antona A\u0161kerca<\/em> (Velenje)<br><em>O\u0160 Ivana Roba<\/em> (\u0160empeter pri Novi&nbsp; Gorici),<br><em>O\u0160 Polhov Gradec, <br>O\u0160 Leskovec pri Kr\u0161kem, <br>SE Vincenzo e Diego de Castro <\/em>(Se\u010dovlje),<em><br>O\u0160 heroja Janeza Hribarja<\/em> (Stari trg pri Lo\u017eu),<em><br>O\u0160 Brinje <\/em>(Grosuplje), <em><br>P\u0160 Polica<\/em>, <em><br>P\u0160 Lavrica<\/em>, <em><br>O\u0160 Gorica<\/em> (Velenje)<\/p>\n\n\n\n<p><\/p>\n\n\n\n<p><strong><span style=\"text-decoration: underline;\">NASTOPI NA DRUGIH IZOBRA\u017dEVALNIH USTANOVAH:<\/span><\/strong><br><em>Zavod RS za \u0161olstvo<br>Cirius Vipava<\/em><\/p>\n\n\n\n<p><strong><span style=\"text-decoration: underline;\">NASTOPI NA FESTIVALIH:<\/span><\/strong><em><br>San Daniele (Italija), 2025 \u2013 <a href=\"https:\/\/www.folkest.com\/wp-content\/uploads\/2025\/06\/San-Daniele-Programma-Definitivo-Folkest-2025-2.pdf\">FOLKEST FESTIVAL<\/a><em><br>Trallallero Festival, Gemona (Italija), 2024<br><em>Trallallero Festival<\/em>, Tarcento (Italija), 2021<br><em>Dobimo se pred \u0160kucem, <\/em>2017<br><em>Mladifest, Se\u017eana<\/em>, 2016<br><em>Bobri, Ljubljana<\/em>, 2013 in 2015<br><em>Welser Figurentheaterfestival,<\/em> Wels (Avstrija), 2013<br><em>Trnfest\/Emonska promenada<\/em>, Ljubljana, 2011<br><em>Kamfest<\/em>, Kamnik, 2011<br><em>Lent Festival\/Art Camp<\/em>, Maribor, 2010<br><em>Druga godba<\/em>, Ljubljana, 2010<br><em>Kulturni bazar<\/em>, Ljubljana, 2010<\/em><\/em><\/p>\n\n\n\n<p><\/p>\n\n\n\n<p><strong><span style=\"text-decoration: underline;\">NASTOPI V KULTURNIH DOMOVIH:<\/span><\/strong><em><br>Kulturni dom Menge\u0161, <\/em>2025 <em><br>Gledali\u0161\u010de Toneta \u010cufarja<\/em>, Jesenice, 2025 <em><br>Kulturni center Lojze Bratu\u017e<\/em>, Gorica (Italija), 2025<em><br>Kulturni dom Grosuplje<\/em>, 2023<em><br>Sokolski dom<\/em>, \u0160kofja Loka, 2023 <em><br>Kulturni dom Nova Gorica<\/em>, 2022<em><br><em>Kosovelov dom Se\u017eana<\/em>, 2021<br><em>KC La\u0161ko<\/em>, 2017<br><em>KC Janeza Trdine, <\/em>2017<br><em>Lutkovno gledali\u0161\u010de Ljubljana, <\/em>2013<br><em>Cankarjev dom Ljubljana<\/em>, 2010<\/em><\/p>\n\n\n\n<p><\/p>\n\n\n\n<p><\/p>\n\n\n\n<p><\/p>\n\n\n\n<p><strong><a href=\"https:\/\/peterkus.net\/si\/vtisi-z-dogodkov\/#orkester\">VTISI IZ PRETEKLIH NASTOPOV<\/a><\/strong><\/p>\n\n\n\n<p><span style=\"text-decoration: underline;\">INFORMACIJE:<\/span><\/p>\n\n\n\n<p>Peter Kus<br>m\/ 041 657860<br>e\/ <a href=\"mailto:info@peterkus.net\" rel=\"nofollow\">info@peterkus.net<\/a><\/p>\n","protected":false},"excerpt":{"rendered":"<p>Program Orkester izvirnih instrumentov izvajamo tudi kot \u0161olski KULTURNI DAN. V prvi uri u\u010denci prisluhnejo koncertu, v drugih treh urah pa se v delavnici tudi sami lotijo izdelovanja glasbil. \u0160tevilo poslu\u0161alcev koncerta je neomejeno, izvedba delavnice pa je mogo\u010da za najve\u010d 90 otrok, ki so razdeljeni v tri skupine. Program je namenjen u\u010dencem devetletke ter [&hellip;]<\/p>\n","protected":false},"author":1,"featured_media":0,"comment_status":"closed","ping_status":"closed","sticky":false,"template":"","format":"standard","meta":{"om_disable_all_campaigns":false,"_mi_skip_tracking":false},"categories":[4,2],"tags":[],"aioseo_notices":[],"_links":{"self":[{"href":"https:\/\/peterkus.net\/si\/wp-json\/wp\/v2\/posts\/1893"}],"collection":[{"href":"https:\/\/peterkus.net\/si\/wp-json\/wp\/v2\/posts"}],"about":[{"href":"https:\/\/peterkus.net\/si\/wp-json\/wp\/v2\/types\/post"}],"author":[{"embeddable":true,"href":"https:\/\/peterkus.net\/si\/wp-json\/wp\/v2\/users\/1"}],"replies":[{"embeddable":true,"href":"https:\/\/peterkus.net\/si\/wp-json\/wp\/v2\/comments?post=1893"}],"version-history":[{"count":47,"href":"https:\/\/peterkus.net\/si\/wp-json\/wp\/v2\/posts\/1893\/revisions"}],"predecessor-version":[{"id":8952,"href":"https:\/\/peterkus.net\/si\/wp-json\/wp\/v2\/posts\/1893\/revisions\/8952"}],"wp:attachment":[{"href":"https:\/\/peterkus.net\/si\/wp-json\/wp\/v2\/media?parent=1893"}],"wp:term":[{"taxonomy":"category","embeddable":true,"href":"https:\/\/peterkus.net\/si\/wp-json\/wp\/v2\/categories?post=1893"},{"taxonomy":"post_tag","embeddable":true,"href":"https:\/\/peterkus.net\/si\/wp-json\/wp\/v2\/tags?post=1893"}],"curies":[{"name":"wp","href":"https:\/\/api.w.org\/{rel}","templated":true}]}}