{"id":1911,"date":"2014-07-17T08:32:54","date_gmt":"2014-07-17T08:32:54","guid":{"rendered":"https:\/\/peterkus.net\/si\/?p=1911"},"modified":"2014-07-17T12:07:09","modified_gmt":"2014-07-17T12:07:09","slug":"izvirci-brezplacni-tridnevni-tecaj-za-druzine","status":"publish","type":"post","link":"https:\/\/peterkus.net\/si\/2014\/07\/17\/izvirci-brezplacni-tridnevni-tecaj-za-druzine\/","title":{"rendered":"Izvirci &#8211; brezpla\u010dni tridnevni te\u010daj za dru\u017eine"},"content":{"rendered":"<p>V sodelovanju s \u0160KUC Ljubljana<i> <\/i>pripravljamo tridnevni te\u010daj <strong>IZVIRCI<\/strong>, ki bo posve\u010den <b>izdelavi in uporabi izvirnih glasbenih instrumentov<\/b>. Namenjen je dru\u017einam z otroki (starej\u0161ini od 6 let) ter vsem posameznikom (glasbenikom in drugim umetnikom, pedagogom ter ljubiteljem), ki jih zanima to podro\u010dje ustvarjanja. OTROCI, MLAJ\u0160I OD 9 LET NAJ SE DELAVNICE UDELE\u017dIJO V SPREMSTVU STAR\u0160EV.<\/p>\n<p>Te\u010daj bo potekal <strong><span style=\"color: #00ff00;\">od srede, 23. 7. do petka, 27. 7., vsak dan od 17. ure dalje <\/span><\/strong><span style=\"color: #000000;\">v<strong> Galeriji \u0160kuc<\/strong> v Ljubljani<strong>.\u00a0<\/strong><\/span><\/p>\n<p>Udele\u017eba na te\u010daju je BREZPLA\u010cNA, nanj pa se prijavite na <strong><a href=\"mailto:info@skuc.org\">info@skuc.org<\/a><\/strong>.<\/p>\n<p style=\"text-align: left;\"><strong>O TE\u010cAJU:<\/strong><\/p>\n<p><em>Izvirci <\/em>so izvirni glasbeni instrumenti, ki jih ne moremo kupiti v trgovini. Izdelamo jih sami in so zato po svojem\u00a0 zvoku in po svojem videzu posebni, izvirni in edinstveni.<\/p>\n<p><strong><img loading=\"lazy\" class=\"alignnone wp-image-1517 size-medium\" src=\"https:\/\/peterkus.net\/si\/wp-content\/uploads\/sites\/2\/2013\/04\/delavnica_tinqueux02-300x200.jpg\" alt=\"delavnica_tinqueux02\" width=\"300\" height=\"200\" srcset=\"https:\/\/peterkus.net\/si\/wp-content\/uploads\/sites\/2\/2013\/04\/delavnica_tinqueux02-300x200.jpg 300w, https:\/\/peterkus.net\/si\/wp-content\/uploads\/sites\/2\/2013\/04\/delavnica_tinqueux02.jpg 700w\" sizes=\"(max-width: 300px) 100vw, 300px\" \/><\/strong><\/p>\n<h6 style=\"text-align: left;\">foto Nina Mjedved Medved<\/h6>\n<p>Na te\u010daju bomo spoznavali osnove izdelovanja preprostih izvirnih glasbil iz recikliranih materialov, se posvetili njihovemu likovnemu oblikovanju in se urili v proizvajanju najbolj nenavadnih zvokov. Na te\u010daju bomo izdelali nekatera <strong>preprosta pihala<\/strong> (npr. slami\u010dasto oboo, flavto za 1 cent in balonski did\u017eeridu), <strong>brenkala<\/strong> (bordunske citre), <strong>tolkala<\/strong> (ksilofon, pojo\u010de plastenke in topotalke), <strong>razli\u010dna zvo\u010dila<\/strong> (brnivko, \u017evi\u017ega\u010d, bren\u010da\u010d in \u017eabico) ter spoznali bomo nekatera elektroakusti\u010dna glasbila. Nekatera glasbila bodo udele\u017eenci tudi likovno opremili, nanje zaigrali preproste skladbe, na koncu pa v galeriji pripravili majhno razstavo.<\/p>\n<p>Lepo vabljeni!<\/p>\n<p>&nbsp;<\/p>\n<p>&nbsp;<\/p>\n<p>&nbsp;<\/p>\n<p>&nbsp;<\/p>\n<p>&nbsp;<\/p>\n","protected":false},"excerpt":{"rendered":"<p>V sodelovanju s \u0160KUC Ljubljana pripravljamo tridnevni te\u010daj IZVIRCI, ki bo posve\u010den izdelavi in uporabi izvirnih glasbenih instrumentov. Namenjen je dru\u017einam z otroki (starej\u0161ini od 6 let) ter vsem posameznikom (glasbenikom in drugim umetnikom, pedagogom ter ljubiteljem), ki jih zanima to podro\u010dje ustvarjanja. OTROCI, MLAJ\u0160I OD 9 LET NAJ SE DELAVNICE UDELE\u017dIJO V SPREMSTVU STAR\u0160EV. [&hellip;]<\/p>\n","protected":false},"author":1,"featured_media":0,"comment_status":"closed","ping_status":"closed","sticky":false,"template":"","format":"standard","meta":{"om_disable_all_campaigns":false,"_mi_skip_tracking":false},"categories":[4,2],"tags":[],"aioseo_notices":[],"_links":{"self":[{"href":"https:\/\/peterkus.net\/si\/wp-json\/wp\/v2\/posts\/1911"}],"collection":[{"href":"https:\/\/peterkus.net\/si\/wp-json\/wp\/v2\/posts"}],"about":[{"href":"https:\/\/peterkus.net\/si\/wp-json\/wp\/v2\/types\/post"}],"author":[{"embeddable":true,"href":"https:\/\/peterkus.net\/si\/wp-json\/wp\/v2\/users\/1"}],"replies":[{"embeddable":true,"href":"https:\/\/peterkus.net\/si\/wp-json\/wp\/v2\/comments?post=1911"}],"version-history":[{"count":15,"href":"https:\/\/peterkus.net\/si\/wp-json\/wp\/v2\/posts\/1911\/revisions"}],"predecessor-version":[{"id":1942,"href":"https:\/\/peterkus.net\/si\/wp-json\/wp\/v2\/posts\/1911\/revisions\/1942"}],"wp:attachment":[{"href":"https:\/\/peterkus.net\/si\/wp-json\/wp\/v2\/media?parent=1911"}],"wp:term":[{"taxonomy":"category","embeddable":true,"href":"https:\/\/peterkus.net\/si\/wp-json\/wp\/v2\/categories?post=1911"},{"taxonomy":"post_tag","embeddable":true,"href":"https:\/\/peterkus.net\/si\/wp-json\/wp\/v2\/tags?post=1911"}],"curies":[{"name":"wp","href":"https:\/\/api.w.org\/{rel}","templated":true}]}}