{"id":3134,"date":"2016-05-14T06:57:40","date_gmt":"2016-05-14T06:57:40","guid":{"rendered":"https:\/\/peterkus.net\/si\/?p=3134"},"modified":"2016-05-14T07:02:00","modified_gmt":"2016-05-14T07:02:00","slug":"50-ponovitev-orkestra-izvirnih-instrumentov","status":"publish","type":"post","link":"https:\/\/peterkus.net\/si\/2016\/05\/14\/50-ponovitev-orkestra-izvirnih-instrumentov\/","title":{"rendered":"50. ponovitev Orkestra izvirnih instrumentov"},"content":{"rendered":"<p>V petek 13. maja, 2016 je <strong><a href=\"https:\/\/peterkus.net\/si\/projects\/orkester\/\">Orkester izvirnih insrumentov<\/a><\/strong> (sestavljata ga Peter Kus in Andrej \u017dibert) na O\u0160 Kolezija izvedel <strong>50. ponovitev<\/strong> svojega <em>koncerta<\/em> in <em>delavnice izdelovanja izvirnih glasbenih instrumentov<\/em>. Od leta 2010 sta glasbenika in pedagoga obiskala \u0161tevilne \u0161ole v Sloveniji ter se predstavila na festivalih doma in v tujini.<\/p>\n<p>Pretekli nastopi <strong>na \u0161olah<\/strong> v Sloveniji:<br \/>\n<em>Gimnazija Ljutomer,<br \/>\nO\u0160 Bre\u017eice,<br \/>\nO\u0160 Brod,<br \/>\nO\u0160 8 talcev Logatec,<br \/>\nO\u0160 Pod goro Slovenske Konjice,<br \/>\nO\u0160 Kanal,<br \/>\nO\u0160 \u0160empas,<br \/>\nO\u0160 Frana Erjavca Nova Gorica,<br \/>\nO\u0160 Dornberk,<br \/>\nO\u0160 \u017detale,<br \/>\nGimnazija Ormo\u017e,<br \/>\nO\u0160 Danila Lokarja Ajdov\u0161\u010dina,<br \/>\nSrednja \u0161ola Jesenice,<br \/>\nO\u0160 Deskle, O\u0160 \u0160kofljica,<br \/>\nGimnazija Celje,<br \/>\nO\u0160 \u0160kofja Loka &#8211; mesto,<br \/>\nO\u0160 Vi\u010d Ljubljana, O\u0160 Dragomelj<br \/>\nO\u0160 Kolezija,<\/em><\/p>\n<p>na <strong>drugih vzgojno-izobra\u017eevalnih ustanvah<\/strong>:<br \/>\n<em>Zavod RS za \u0161olstvo,<br \/>\nCirius Vipava,<\/em><\/p>\n<p>ter na <strong>festivalih<\/strong>:<br \/>\n<em>Trnfest\/Emonska promenada<\/em>, Ljubljana, 2o11<br \/>\n<em>Kamfest<\/em>, Kamnik, 2011<br \/>\n<em>Lent Festival\/Art Camp<\/em>, Maribor, 2010<br \/>\n<em>Druga godba<\/em>, Ljubljana, 2010<br \/>\n<em>Kulturni bazar<\/em>, Ljubljana, 2010<br \/>\n<em>Bobri, Ljubljana<\/em>, 2013 in 2015<br \/>\n<em>Welser Figurentheaterfestival,<\/em> Wels (Avstrija), 2013<\/p>\n","protected":false},"excerpt":{"rendered":"<p>V petek 13. maja, 2016 je Orkester izvirnih insrumentov (sestavljata ga Peter Kus in Andrej \u017dibert) na O\u0160 Kolezija izvedel 50. ponovitev svojega koncerta in delavnice izdelovanja izvirnih glasbenih instrumentov. Od leta 2010 sta glasbenika in pedagoga obiskala \u0161tevilne \u0161ole v Sloveniji ter se predstavila na festivalih doma in v tujini. Pretekli nastopi na \u0161olah [&hellip;]<\/p>\n","protected":false},"author":1,"featured_media":0,"comment_status":"closed","ping_status":"closed","sticky":false,"template":"","format":"standard","meta":{"om_disable_all_campaigns":false,"_mi_skip_tracking":false},"categories":[4],"tags":[],"aioseo_notices":[],"_links":{"self":[{"href":"https:\/\/peterkus.net\/si\/wp-json\/wp\/v2\/posts\/3134"}],"collection":[{"href":"https:\/\/peterkus.net\/si\/wp-json\/wp\/v2\/posts"}],"about":[{"href":"https:\/\/peterkus.net\/si\/wp-json\/wp\/v2\/types\/post"}],"author":[{"embeddable":true,"href":"https:\/\/peterkus.net\/si\/wp-json\/wp\/v2\/users\/1"}],"replies":[{"embeddable":true,"href":"https:\/\/peterkus.net\/si\/wp-json\/wp\/v2\/comments?post=3134"}],"version-history":[{"count":4,"href":"https:\/\/peterkus.net\/si\/wp-json\/wp\/v2\/posts\/3134\/revisions"}],"predecessor-version":[{"id":3138,"href":"https:\/\/peterkus.net\/si\/wp-json\/wp\/v2\/posts\/3134\/revisions\/3138"}],"wp:attachment":[{"href":"https:\/\/peterkus.net\/si\/wp-json\/wp\/v2\/media?parent=3134"}],"wp:term":[{"taxonomy":"category","embeddable":true,"href":"https:\/\/peterkus.net\/si\/wp-json\/wp\/v2\/categories?post=3134"},{"taxonomy":"post_tag","embeddable":true,"href":"https:\/\/peterkus.net\/si\/wp-json\/wp\/v2\/tags?post=3134"}],"curies":[{"name":"wp","href":"https:\/\/api.w.org\/{rel}","templated":true}]}}