{"id":3185,"date":"2016-05-30T17:19:55","date_gmt":"2016-05-30T17:19:55","guid":{"rendered":"https:\/\/peterkus.net\/si\/?p=3185"},"modified":"2016-08-31T11:48:29","modified_gmt":"2016-08-31T11:48:29","slug":"delavnica-tvornica-zvuka-na-reki-na-hrvaskem","status":"publish","type":"post","link":"https:\/\/peterkus.net\/si\/2016\/05\/30\/delavnica-tvornica-zvuka-na-reki-na-hrvaskem\/","title":{"rendered":"Delavnica &#8220;Tvornica zvuka&#8221; na Reki na Hrva\u0161kem"},"content":{"rendered":"<p>Peter Kus je 28. in 29. 5. vodil dvodnevni te\u010daj za izdelovanje instrumentov, ki ga je organiziralo zdru\u017eenje <strong><a href=\"http:\/\/vijecemladihbencic.com\/hr\/portfolio\/tvornica-zvuka-28-29-05-2016\/\">Vije\u0107e Mladih Ben\u010di\u0107<\/a><\/strong> iz Reke na Hrva\u0161kem.<\/p>\n<p>Gre za organizacijo, ki si prizadeva povi\u0161ati zavest otrok o zgodovini njihovega mesta, pove\u010dati ob\u010dutek njihove sopripadnosti in jim podati osnove za razmi\u0161ljanje o bodo\u010dnosti mesta. Isto\u010dasno otrokom nudi mo\u017enost spoznavanja razli\u010dnih oblik umetnosti, uklju\u010devanja v delo kulturnih institucij in dostop do njihovih vsebin. Prizadeva si tudi vklju\u010diti mi\u0161ljenje in interese otrok v kulturno dinamiko mesta.<\/p>\n<p>Udele\u017eenci delavnice so se spoznali s \u0161tevilnimi mo\u017enostmi gradnje izvirnih instrumentov iz recikliranih materialov. Ob pomo\u010di mentorja so izdelali instrumentarij malega orkestra ter z njim ustvarili nekaj skladb, ki so jih predstavili na prilo\u017enostnem koncertu v sredi\u0161\u010du Reke.<\/p>\n<p>&nbsp;<\/p>\n<p>&nbsp;<\/p>\n","protected":false},"excerpt":{"rendered":"<p>Peter Kus je 28. in 29. 5. vodil dvodnevni te\u010daj za izdelovanje instrumentov, ki ga je organiziralo zdru\u017eenje Vije\u0107e Mladih Ben\u010di\u0107 iz Reke na Hrva\u0161kem. Gre za organizacijo, ki si prizadeva povi\u0161ati zavest otrok o zgodovini njihovega mesta, pove\u010dati ob\u010dutek njihove sopripadnosti in jim podati osnove za razmi\u0161ljanje o bodo\u010dnosti mesta. Isto\u010dasno otrokom nudi mo\u017enost [&hellip;]<\/p>\n","protected":false},"author":1,"featured_media":0,"comment_status":"closed","ping_status":"closed","sticky":false,"template":"","format":"standard","meta":{"om_disable_all_campaigns":false,"_mi_skip_tracking":false},"categories":[4],"tags":[],"aioseo_notices":[],"_links":{"self":[{"href":"https:\/\/peterkus.net\/si\/wp-json\/wp\/v2\/posts\/3185"}],"collection":[{"href":"https:\/\/peterkus.net\/si\/wp-json\/wp\/v2\/posts"}],"about":[{"href":"https:\/\/peterkus.net\/si\/wp-json\/wp\/v2\/types\/post"}],"author":[{"embeddable":true,"href":"https:\/\/peterkus.net\/si\/wp-json\/wp\/v2\/users\/1"}],"replies":[{"embeddable":true,"href":"https:\/\/peterkus.net\/si\/wp-json\/wp\/v2\/comments?post=3185"}],"version-history":[{"count":3,"href":"https:\/\/peterkus.net\/si\/wp-json\/wp\/v2\/posts\/3185\/revisions"}],"predecessor-version":[{"id":3331,"href":"https:\/\/peterkus.net\/si\/wp-json\/wp\/v2\/posts\/3185\/revisions\/3331"}],"wp:attachment":[{"href":"https:\/\/peterkus.net\/si\/wp-json\/wp\/v2\/media?parent=3185"}],"wp:term":[{"taxonomy":"category","embeddable":true,"href":"https:\/\/peterkus.net\/si\/wp-json\/wp\/v2\/categories?post=3185"},{"taxonomy":"post_tag","embeddable":true,"href":"https:\/\/peterkus.net\/si\/wp-json\/wp\/v2\/tags?post=3185"}],"curies":[{"name":"wp","href":"https:\/\/api.w.org\/{rel}","templated":true}]}}