{"id":3258,"date":"2016-07-02T10:37:36","date_gmt":"2016-07-02T10:37:36","guid":{"rendered":"https:\/\/peterkus.net\/si\/?p=3258"},"modified":"2016-07-26T15:11:31","modified_gmt":"2016-07-26T15:11:31","slug":"razstava-animirani-zvoki-v-kotorju-v-crni-gori","status":"publish","type":"post","link":"https:\/\/peterkus.net\/si\/2016\/07\/02\/razstava-animirani-zvoki-v-kotorju-v-crni-gori\/","title":{"rendered":"Razstava Animirani zvoki v Kotorju v \u010crni gori"},"content":{"rendered":"<p>V Kotorju v \u010crni gori bo med <strong>1. in 12. julijem<\/strong> 2016 odprta nova razstava izvirnih instrumentov Petra Kusa z naslovom <strong>Animirani zvoki<\/strong>. Instrumenti bodo razstavljeni v\u00a0Kulturnem centru \u02ddNikola \u0110urkovi\u0107\u02dd v Kotorju, postavitev pa je del <a href=\"http:\/\/www.kotorskifestival.me\/\">Kotorskega festivala gledali\u0161\u010da za otroke<\/a>.<\/p>\n<p>Peter Kus je v preteklih letih, skozi niz glasbeno-lutkovnih predstav (<em>Kralj prislu\u0161kuje<\/em>, <em>Izgubljeni ton<\/em>, <em>Gozd raja!<\/em>, idr.) razvil pristop, ki ga je poimenoval <strong>zvo\u010dna animacija<\/strong>. V njem kot lutke, gledali\u0161ke rekvizite ali scenografijo uporablja najrazli\u010dnej\u0161e izvirne glasbene instrumente in obratno. Tako lutkarji in glasbeniki na odru ne animirajo le lutk ali predmetov, temve\u010d v dolo\u010denem smislu tudi zvok. S tem postopokom se dramati\u010dna in likovna izraznost lutko obogati \u0161e z glasbo. Izvirne glasbene instrumente je Peter Kus izdelal za vsako predstavo posebej, vsa glasba na njih pa je bila vedno izvajana v \u017eivo. Na razstavi so prikazane zvo\u010dne instalacije kot so <em>Pojo\u010di kralj<\/em>, <em>Zvokomobil<\/em>, <em>Ledeno drevo<\/em>, <em>Stonoga<\/em>, <em>Pajek<\/em> in mnoge druge.<\/p>\n<p>Na delavnici, ki je potekala 26. 6. 2016 je Peter Kus v sodelovanju z otroci in odraslimi udele\u017eenci ustvaril <strong>vetrno zvo\u010dno in\u0161talacijo<\/strong> &#8211; 30 vetrnih pi\u0161\u010dali, ki so jih izdelali iz odpadnih plastenk.<\/p>\n<p><strong>Sodelujo\u010di:<\/strong><br \/>\nAvtor instrumentov in idejne zasnove: <strong>Peter Kus<\/strong><br \/>\nLikovno oblikovanje instrumentov: <strong>Gregor Lorenci <\/strong>and <strong>Kaja Avber\u0161ek<\/strong><br \/>\nIzdelava instrumentov: <strong>Peter Kus, Jaka Miheli\u010d, Adolf Ko\u0161mrl, Jurij Kus, Jo\u017ee Zalar ml.<\/strong><br \/>\nProdukcija: <strong>Zavod Federacija Ljubljana<\/strong><\/p>\n<p>Instrumenti so bili izdelani za predstave <em>Kralj prislu\u0161kuje<\/em> (produkcija <em>Zavod Federacija Ljubljana<\/em> in <em>Cankarjev dom<\/em>, 2007) in Izgubljeni ton <em>(<\/em>produkcija <em>Lutkovno gledali\u0161\u010de Ljubljana<\/em>, 2010).<\/p>\n<h5><strong>Kralj<\/strong><\/h5>\n<p><img loading=\"lazy\" class=\"alignnone wp-image-2582 size-large\" src=\"https:\/\/peterkus.net\/wp-content\/uploads\/2016\/07\/kralj-681x1024.jpg\" alt=\"kralj\" width=\"681\" height=\"1024\" \/><\/p>\n<h5><strong>Stonoga<\/strong><\/h5>\n<p><img loading=\"lazy\" class=\"alignnone wp-image-2586 size-large\" src=\"https:\/\/peterkus.net\/wp-content\/uploads\/2016\/07\/stonoga-1024x683.jpg\" alt=\"PETER KUS - IZGUBLJENI TON, Lutkovno gledali\u0161\u010de, januar 2010\" width=\"1024\" height=\"683\" \/><\/p>\n<h5><strong>Pajek<\/strong><\/h5>\n<p><img loading=\"lazy\" class=\"wp-image-2585 size-large\" src=\"https:\/\/peterkus.net\/wp-content\/uploads\/2016\/07\/pauk-843x1024.jpg\" alt=\"PETER KUS - IZGUBLJENI TON, Lutkovno gledali\u0161\u010de, januar 2010\" width=\"843\" height=\"1024\" \/><\/p>\n<h5><strong>Ledeno drevo<br \/>\n<\/strong><\/h5>\n<p><img loading=\"lazy\" class=\"wp-image-2584 size-large\" src=\"https:\/\/peterkus.net\/wp-content\/uploads\/2016\/07\/ledeno_drvo-1024x731.jpg\" alt=\"PETER KUS - IZGUBLJENI TON, Lutkovno gledali\u0161\u010de, januar 2010\" width=\"1024\" height=\"731\" \/><\/p>\n<h5><strong>Zvokomobil<\/strong><\/h5>\n<p><img loading=\"lazy\" class=\"wp-image-2583 size-large\" src=\"https:\/\/peterkus.net\/wp-content\/uploads\/2016\/07\/bicikl-683x1024.jpg\" alt=\"PETER KUS - IZGUBLJENI TON, Lutkovno gledali\u0161\u010de, januar 2010\" width=\"683\" height=\"1024\" \/><\/p>\n<h5><strong>Vetrne orgle<br \/>\n<\/strong><\/h5>\n<p><img loading=\"lazy\" class=\"alignnone size-full wp-image-2611\" src=\"https:\/\/peterkus.net\/wp-content\/uploads\/2016\/07\/IMG_20160710_161524.jpg\" alt=\"IMG_20160710_161524\" width=\"3264\" height=\"1836\" \/><\/p>\n<p><img loading=\"lazy\" class=\"alignnone size-full wp-image-2610\" src=\"https:\/\/peterkus.net\/wp-content\/uploads\/2016\/07\/IMG_20160710_161234.jpg\" alt=\"IMG_20160710_161234\" width=\"3264\" height=\"1836\" \/><\/p>\n<h6>Fotografije: <em>DK<\/em>, <em>Nada \u017dgank<\/em> in <em>Marko \u0160evaljevi\u0107.<\/em><\/h6>\n","protected":false},"excerpt":{"rendered":"<p>V Kotorju v \u010crni gori bo med 1. in 12. julijem 2016 odprta nova razstava izvirnih instrumentov Petra Kusa z naslovom Animirani zvoki. Instrumenti bodo razstavljeni v\u00a0Kulturnem centru \u02ddNikola \u0110urkovi\u0107\u02dd v Kotorju, postavitev pa je del Kotorskega festivala gledali\u0161\u010da za otroke. Peter Kus je v preteklih letih, skozi niz glasbeno-lutkovnih predstav (Kralj prislu\u0161kuje, Izgubljeni ton, [&hellip;]<\/p>\n","protected":false},"author":1,"featured_media":0,"comment_status":"closed","ping_status":"closed","sticky":false,"template":"","format":"standard","meta":{"om_disable_all_campaigns":false,"_mi_skip_tracking":false},"categories":[4,2],"tags":[],"aioseo_notices":[],"_links":{"self":[{"href":"https:\/\/peterkus.net\/si\/wp-json\/wp\/v2\/posts\/3258"}],"collection":[{"href":"https:\/\/peterkus.net\/si\/wp-json\/wp\/v2\/posts"}],"about":[{"href":"https:\/\/peterkus.net\/si\/wp-json\/wp\/v2\/types\/post"}],"author":[{"embeddable":true,"href":"https:\/\/peterkus.net\/si\/wp-json\/wp\/v2\/users\/1"}],"replies":[{"embeddable":true,"href":"https:\/\/peterkus.net\/si\/wp-json\/wp\/v2\/comments?post=3258"}],"version-history":[{"count":2,"href":"https:\/\/peterkus.net\/si\/wp-json\/wp\/v2\/posts\/3258\/revisions"}],"predecessor-version":[{"id":3260,"href":"https:\/\/peterkus.net\/si\/wp-json\/wp\/v2\/posts\/3258\/revisions\/3260"}],"wp:attachment":[{"href":"https:\/\/peterkus.net\/si\/wp-json\/wp\/v2\/media?parent=3258"}],"wp:term":[{"taxonomy":"category","embeddable":true,"href":"https:\/\/peterkus.net\/si\/wp-json\/wp\/v2\/categories?post=3258"},{"taxonomy":"post_tag","embeddable":true,"href":"https:\/\/peterkus.net\/si\/wp-json\/wp\/v2\/tags?post=3258"}],"curies":[{"name":"wp","href":"https:\/\/api.w.org\/{rel}","templated":true}]}}