{"id":3531,"date":"2016-10-20T12:35:38","date_gmt":"2016-10-20T12:35:38","guid":{"rendered":"https:\/\/peterkus.net\/si\/?p=3531"},"modified":"2017-02-28T15:44:23","modified_gmt":"2017-02-28T15:44:23","slug":"zvocna-kuhna-na-festivalu-cikl-cakl-na-avstrijskem-koroskem","status":"publish","type":"post","link":"https:\/\/peterkus.net\/si\/2016\/10\/20\/zvocna-kuhna-na-festivalu-cikl-cakl-na-avstrijskem-koroskem\/","title":{"rendered":"Zvo\u010dna kuhna na festivalu Cikl Cakl v \u0160mihelu (avstrijska Koro\u0161ka)"},"content":{"rendered":"<p>Predstava <strong><a href=\"https:\/\/peterkus.net\/si\/projects\/zvocna-kuhna\/\" target=\"_blank\">Zvo\u010dna kuhna<\/a><\/strong> bo prikazana na festivalu <strong><a href=\"http:\/\/www.kkz.at\/novice\/detajl\/cikl_cakl_2016\" target=\"_blank\">Cikl Cakl 2016<\/a><\/strong> \u0160mihelu pri Pliberku na avstrijskem Koro\u0161kem. Gre za tradicionalni festival z ve\u010d kot 30-letno zgodovino, ki ga organizira <em>Kulturno-prosvetno dru\u0161tvo \u0160mihel<\/em>. To \u017ee desetletja goji lutkarsko umetnost na avstrijskem Koro\u0161kem, poleg izobra\u017eevalnega dela z mladimi in ustvarjanja avtorskih lutkovnih predstav pa prireja tudi festival Cikl Cakl.<\/p>\n<p>Zvo\u010dna kuhna bo prikazana v <strong>soboto, 22. 10. 2016 ob 11h<\/strong> v Farni dvorani (Pfarrsaal) v \u0160mihelu. Po predstavi bo Peter Kus vodil \u0161e delavnico izdelovanja izvirnih instrumentov.<\/p>\n<p><a href=\"https:\/\/peterkus.net\/si\/wp-content\/uploads\/sites\/2\/2016\/10\/Zvocna_kuhna_Cikl_Cakl_low.jpg\"><img loading=\"lazy\" class=\"alignnone size-full wp-image-3534\" src=\"https:\/\/peterkus.net\/si\/wp-content\/uploads\/sites\/2\/2016\/10\/Zvocna_kuhna_Cikl_Cakl_low.jpg\" alt=\"zvocna_kuhna_cikl_cakl_low\" width=\"1000\" height=\"431\" srcset=\"https:\/\/peterkus.net\/si\/wp-content\/uploads\/sites\/2\/2016\/10\/Zvocna_kuhna_Cikl_Cakl_low.jpg 1000w, https:\/\/peterkus.net\/si\/wp-content\/uploads\/sites\/2\/2016\/10\/Zvocna_kuhna_Cikl_Cakl_low-300x129.jpg 300w, https:\/\/peterkus.net\/si\/wp-content\/uploads\/sites\/2\/2016\/10\/Zvocna_kuhna_Cikl_Cakl_low-768x331.jpg 768w\" sizes=\"(max-width: 1000px) 100vw, 1000px\" \/><\/a><\/p>\n<p><strong>POVEZANE NOVICE:<\/strong><br \/>\n<a href=\"https:\/\/peterkus.net\/si\/2017\/02\/20\/zvocna-kuhna-na-figurentheater-festivalu-v-welsu-v-avstriji\/\" rel=\"bookmark\">Zvo\u010dna kuhna na Figurentheater festivalu v Welsu v Avstriji<\/a><\/p>\n","protected":false},"excerpt":{"rendered":"<p>Predstava Zvo\u010dna kuhna bo prikazana na festivalu Cikl Cakl 2016 \u0160mihelu pri Pliberku na avstrijskem Koro\u0161kem. Gre za tradicionalni festival z ve\u010d kot 30-letno zgodovino, ki ga organizira Kulturno-prosvetno dru\u0161tvo \u0160mihel. To \u017ee desetletja goji lutkarsko umetnost na avstrijskem Koro\u0161kem, poleg izobra\u017eevalnega dela z mladimi in ustvarjanja avtorskih lutkovnih predstav pa prireja tudi festival Cikl [&hellip;]<\/p>\n","protected":false},"author":1,"featured_media":0,"comment_status":"closed","ping_status":"closed","sticky":false,"template":"","format":"standard","meta":{"om_disable_all_campaigns":false,"_mi_skip_tracking":false},"categories":[3,2],"tags":[],"aioseo_notices":[],"_links":{"self":[{"href":"https:\/\/peterkus.net\/si\/wp-json\/wp\/v2\/posts\/3531"}],"collection":[{"href":"https:\/\/peterkus.net\/si\/wp-json\/wp\/v2\/posts"}],"about":[{"href":"https:\/\/peterkus.net\/si\/wp-json\/wp\/v2\/types\/post"}],"author":[{"embeddable":true,"href":"https:\/\/peterkus.net\/si\/wp-json\/wp\/v2\/users\/1"}],"replies":[{"embeddable":true,"href":"https:\/\/peterkus.net\/si\/wp-json\/wp\/v2\/comments?post=3531"}],"version-history":[{"count":4,"href":"https:\/\/peterkus.net\/si\/wp-json\/wp\/v2\/posts\/3531\/revisions"}],"predecessor-version":[{"id":4045,"href":"https:\/\/peterkus.net\/si\/wp-json\/wp\/v2\/posts\/3531\/revisions\/4045"}],"wp:attachment":[{"href":"https:\/\/peterkus.net\/si\/wp-json\/wp\/v2\/media?parent=3531"}],"wp:term":[{"taxonomy":"category","embeddable":true,"href":"https:\/\/peterkus.net\/si\/wp-json\/wp\/v2\/categories?post=3531"},{"taxonomy":"post_tag","embeddable":true,"href":"https:\/\/peterkus.net\/si\/wp-json\/wp\/v2\/tags?post=3531"}],"curies":[{"name":"wp","href":"https:\/\/api.w.org\/{rel}","templated":true}]}}