{"id":3983,"date":"2017-02-20T01:16:59","date_gmt":"2017-02-20T01:16:59","guid":{"rendered":"https:\/\/peterkus.net\/si\/?p=3983"},"modified":"2017-05-29T09:22:48","modified_gmt":"2017-05-29T09:22:48","slug":"zvocna-kuhna-na-figurentheater-festivalu-v-welsu-v-avstriji","status":"publish","type":"post","link":"https:\/\/peterkus.net\/si\/2017\/02\/20\/zvocna-kuhna-na-figurentheater-festivalu-v-welsu-v-avstriji\/","title":{"rendered":"Zvo\u010dna kuhna na Figurentheater festivalu v Welsu v Avstriji"},"content":{"rendered":"<p>Predstava <strong><a href=\"https:\/\/peterkus.net\/si\/projects\/zvocna-kuhna\/\" target=\"_blank\" rel=\"noopener noreferrer\">Zvo\u010dna kuhna<\/a><\/strong> bo prikazana na festivalu <strong><a href=\"http:\/\/www.kkz.at\/novice\/detajl\/cikl_cakl_2016\" target=\"_blank\" rel=\"noopener noreferrer\">Figurentheaterfestival<\/a><\/strong> v Welsu v Zgornji Avstriji. Gre za mednarodni lutkovni festival, ki je poleg festivala v Mistelbachu najve\u010dji v Avstriji in se pona\u0161a s 26-letno tradicijo.<\/p>\n<p>Zvo\u010dna kuhna bo prikazana \u0161tirikrat, v <strong>petek 10. 3. 2017 ob 10h in 14h<\/strong> ter v <strong>soboto 11. 3. ob 10h30 in 15h<\/strong>. Po predstavah bo Peter Kus vodil \u0161e delavnico izdelovanja izvirnih instrumentov.<\/p>\n<p><a href=\"https:\/\/peterkus.net\/si\/wp-content\/uploads\/sites\/2\/2017\/02\/Zvocna_kuhna_Wels.jpg\"><img loading=\"lazy\" class=\"alignnone size-full wp-image-3992\" src=\"https:\/\/peterkus.net\/si\/wp-content\/uploads\/sites\/2\/2017\/02\/Zvocna_kuhna_Wels.jpg\" alt=\"\" width=\"696\" height=\"344\" srcset=\"https:\/\/peterkus.net\/si\/wp-content\/uploads\/sites\/2\/2017\/02\/Zvocna_kuhna_Wels.jpg 696w, https:\/\/peterkus.net\/si\/wp-content\/uploads\/sites\/2\/2017\/02\/Zvocna_kuhna_Wels-300x148.jpg 300w\" sizes=\"(max-width: 696px) 100vw, 696px\" \/><\/a><\/p>\n<p><strong>POVEZANE NOVICE:<\/strong><br \/>\n<a href=\"https:\/\/peterkus.net\/si\/2016\/10\/20\/zvocna-kuhna-na-festivalu-cikl-cakl-na-avstrijskem-koroskem\/\" rel=\"bookmark\">Zvo\u010dna kuhna na festivalu Cikl Cakl v \u0160mihelu (avstrijska Koro\u0161ka)<\/a><\/p>\n","protected":false},"excerpt":{"rendered":"<p>Predstava Zvo\u010dna kuhna bo prikazana na festivalu Figurentheaterfestival v Welsu v Zgornji Avstriji. Gre za mednarodni lutkovni festival, ki je poleg festivala v Mistelbachu najve\u010dji v Avstriji in se pona\u0161a s 26-letno tradicijo. Zvo\u010dna kuhna bo prikazana \u0161tirikrat, v petek 10. 3. 2017 ob 10h in 14h ter v soboto 11. 3. ob 10h30 in [&hellip;]<\/p>\n","protected":false},"author":1,"featured_media":0,"comment_status":"closed","ping_status":"closed","sticky":false,"template":"","format":"standard","meta":{"om_disable_all_campaigns":false,"_mi_skip_tracking":false},"categories":[3],"tags":[],"aioseo_notices":[],"_links":{"self":[{"href":"https:\/\/peterkus.net\/si\/wp-json\/wp\/v2\/posts\/3983"}],"collection":[{"href":"https:\/\/peterkus.net\/si\/wp-json\/wp\/v2\/posts"}],"about":[{"href":"https:\/\/peterkus.net\/si\/wp-json\/wp\/v2\/types\/post"}],"author":[{"embeddable":true,"href":"https:\/\/peterkus.net\/si\/wp-json\/wp\/v2\/users\/1"}],"replies":[{"embeddable":true,"href":"https:\/\/peterkus.net\/si\/wp-json\/wp\/v2\/comments?post=3983"}],"version-history":[{"count":5,"href":"https:\/\/peterkus.net\/si\/wp-json\/wp\/v2\/posts\/3983\/revisions"}],"predecessor-version":[{"id":4263,"href":"https:\/\/peterkus.net\/si\/wp-json\/wp\/v2\/posts\/3983\/revisions\/4263"}],"wp:attachment":[{"href":"https:\/\/peterkus.net\/si\/wp-json\/wp\/v2\/media?parent=3983"}],"wp:term":[{"taxonomy":"category","embeddable":true,"href":"https:\/\/peterkus.net\/si\/wp-json\/wp\/v2\/categories?post=3983"},{"taxonomy":"post_tag","embeddable":true,"href":"https:\/\/peterkus.net\/si\/wp-json\/wp\/v2\/tags?post=3983"}],"curies":[{"name":"wp","href":"https:\/\/api.w.org\/{rel}","templated":true}]}}