{"id":4975,"date":"2018-07-02T11:59:27","date_gmt":"2018-07-02T11:59:27","guid":{"rendered":"https:\/\/peterkus.net\/si\/?p=4975"},"modified":"2022-06-27T09:07:20","modified_gmt":"2022-06-27T07:07:20","slug":"kulturni-dan-na-cesnovcovi-domaciji","status":"publish","type":"post","link":"https:\/\/peterkus.net\/si\/2018\/07\/02\/kulturni-dan-na-cesnovcovi-domaciji\/","title":{"rendered":"Kulturni dan na \u010ce\u0161novcovi doma\u010diji ob Cerkni\u0161kem jezeru"},"content":{"rendered":"\n<p>V vasi <strong>Gori\u010dice<\/strong> pri Grahovem se nahaja \u010ce\u0161novcova hi\u0161a, stara skoraj 300-let, krita s slamo, z obokano ve\u017eo, \u010drno kuhinjo in notranjostjo s tramovnim stropom. Hi\u0161a je <a href=\"http:\/\/giskd2s.situla.org\/rkd\/Opis.asp?Esd=9626\" target=\"_blank\" rel=\"noopener noreferrer\">kulturni spomenik lokalnega pomena<\/a> in je bila leta 2013 prenovljena, v njej pa organiziramo <strong>kulturne dneve za u\u010dence osnovnih \u0161ol<\/strong> (od 1. do 5. razreda).<\/p>\n\n\n\n<figure class=\"wp-block-image is-resized is-style-default\"><img loading=\"lazy\" src=\"https:\/\/peterkus.net\/si\/wp-content\/uploads\/sites\/2\/2018\/07\/fc4a9c2c-43d9-4193-b31a-a211dafbfc6f-e1558177716328.png\" alt=\"\" class=\"wp-image-5565\" width=\"517\" height=\"300\" srcset=\"https:\/\/peterkus.net\/si\/wp-content\/uploads\/sites\/2\/2018\/07\/fc4a9c2c-43d9-4193-b31a-a211dafbfc6f-e1558177716328.png 432w, https:\/\/peterkus.net\/si\/wp-content\/uploads\/sites\/2\/2018\/07\/fc4a9c2c-43d9-4193-b31a-a211dafbfc6f-e1558177716328-300x174.png 300w\" sizes=\"(max-width: 517px) 100vw, 517px\" \/><\/figure>\n\n\n\n<div class=\"wp-block-group\"><div class=\"wp-block-group__inner-container\">\n<p><\/p>\n\n\n\n<p>Program kulturnega dne je sestavljen iz <strong>etnolo\u0161kega dela<\/strong>, v katerem otroci spoznajo hi\u0161o, stare predmete in nekdanje \u017eivljenje na kmetih, ter <strong>glasbeno-ustvarjalnega dela<\/strong>. Na njem si otroci ogledajo glasbeno <em>predstavo<\/em> <strong><a rel=\"noopener noreferrer\" href=\"https:\/\/peterkus.net\/si\/projects\/zvocna-kuhna\/\" target=\"_blank\">Zvo\u010dna kuhna<\/a><\/strong> in se v delavnici pod vodstvom Petra Kusa posvetijo izdelavi nekaj preprostih glasbenih instrumentov in u\u010denju pesmi. Ob tem si ogledalo \u0161e <em>razstavo<\/em> izvirnih glasbenih instrumentov <strong>Gora zvokov<\/strong>, ki jih je avtorj postavil na hribu za hi\u0161o.<\/p>\n<\/div><\/div>\n\n\n\n<figure class=\"wp-block-embed-youtube aligncenter wp-block-embed is-type-video is-provider-youtube wp-embed-aspect-16-9 wp-has-aspect-ratio\"><div class=\"wp-block-embed__wrapper\">\n<div class=\"videoContainer\"><iframe loading=\"lazy\" width=\"500\" height=\"281\" src=\"https:\/\/www.youtube.com\/embed\/0y2gwrJ-TCQ?feature=oembed\" frameborder=\"0\" allow=\"accelerometer; autoplay; encrypted-media; gyroscope; picture-in-picture\" allowfullscreen><\/iframe><\/div>\n<\/div>\n<\/figure>\n\n\n\n<p> Program predvidoma poteka po naslednjem urniku:<br>&#8211; okoli 8.15 prihod u\u010dencev in ogled predstave <strong><a rel=\"noopener noreferrer\" href=\"https:\/\/peterkus.net\/si\/projects\/zvocna-kuhna\/\" target=\"_blank\">Zvo\u010dna kuhna<\/a><\/strong>,<br>&#8211; ob 9.30 izdelovanje instrumentov (\u017eabica, nunlca idr.) in u\u010denje pesmi,<br>&#8211; ob 11.00 ogled hi\u0161e in starih kme\u010dkih predmetov v dveh skupinah; medtem si druga skupina preizkusi izvirne instrumente na razstavi <strong>Gora zvokov<\/strong>,<br>&#8211; okoli 11.45 zaklju\u010dek kulturnega dne.<\/p>\n\n\n\n<figure class=\"wp-block-embed-youtube aligncenter wp-block-embed is-type-video is-provider-youtube wp-embed-aspect-16-9 wp-has-aspect-ratio\"><div class=\"wp-block-embed__wrapper\">\n<div class=\"videoContainer\"><iframe loading=\"lazy\" width=\"500\" height=\"281\" src=\"https:\/\/www.youtube.com\/embed\/QUJroNnH8VA?feature=oembed\" frameborder=\"0\" allow=\"accelerometer; autoplay; encrypted-media; gyroscope; picture-in-picture\" allowfullscreen><\/iframe><\/div>\n<\/div>\n<\/figure>\n\n\n\n<p>Zaradi prostora, ki je na voljo v hi\u0161i, lahko na dan (ena ponovitev programa) sprejmemo le en razred, tj. do 25 otrok. Predvidena cena kulturnega dneva v \u0161olskem letu 2022\/23 bo 7,50 EUR\/otroka.<\/p>\n\n\n\n<p>\u010ce bi bil program v prihodnjem \u0161olskem letu zanimiv tudi za u\u010dence va\u0161e \u0161ole, vas vljudno vabimo, da nam pi\u0161ete na <a href=\"mailto:info@peterkus.net\">info@peterkus.net<\/a> ali nas pokli\u010dete na <strong>041 657860 <\/strong>(Peter Kus).<\/p>\n\n\n\n<div class=\"wp-block-image\"><figure class=\"aligncenter is-resized\"><img loading=\"lazy\" src=\"https:\/\/peterkus.net\/si\/wp-content\/uploads\/sites\/2\/2018\/07\/1dd2c244-0689-4bc9-afae-d7656fde5faa.jpg\" alt=\"\" class=\"wp-image-5566\" width=\"517\" height=\"276\"\/><figcaption><em>Notranjost \u010ce\u0161novcove doma\u010dije<\/em><\/figcaption><\/figure><\/div>\n\n\n\n<h6>&nbsp;<\/h6>\n","protected":false},"excerpt":{"rendered":"<p>V vasi Gori\u010dice pri Grahovem se nahaja \u010ce\u0161novcova hi\u0161a, stara skoraj 300-let, krita s slamo, z obokano ve\u017eo, \u010drno kuhinjo in notranjostjo s tramovnim stropom. Hi\u0161a je kulturni spomenik lokalnega pomena in je bila leta 2013 prenovljena, v njej pa organiziramo kulturne dneve za u\u010dence osnovnih \u0161ol (od 1. do 5. razreda). Program kulturnega dne [&hellip;]<\/p>\n","protected":false},"author":1,"featured_media":0,"comment_status":"closed","ping_status":"closed","sticky":false,"template":"","format":"standard","meta":{"om_disable_all_campaigns":false,"_mi_skip_tracking":false},"categories":[4,3,2],"tags":[],"aioseo_notices":[],"_links":{"self":[{"href":"https:\/\/peterkus.net\/si\/wp-json\/wp\/v2\/posts\/4975"}],"collection":[{"href":"https:\/\/peterkus.net\/si\/wp-json\/wp\/v2\/posts"}],"about":[{"href":"https:\/\/peterkus.net\/si\/wp-json\/wp\/v2\/types\/post"}],"author":[{"embeddable":true,"href":"https:\/\/peterkus.net\/si\/wp-json\/wp\/v2\/users\/1"}],"replies":[{"embeddable":true,"href":"https:\/\/peterkus.net\/si\/wp-json\/wp\/v2\/comments?post=4975"}],"version-history":[{"count":51,"href":"https:\/\/peterkus.net\/si\/wp-json\/wp\/v2\/posts\/4975\/revisions"}],"predecessor-version":[{"id":7390,"href":"https:\/\/peterkus.net\/si\/wp-json\/wp\/v2\/posts\/4975\/revisions\/7390"}],"wp:attachment":[{"href":"https:\/\/peterkus.net\/si\/wp-json\/wp\/v2\/media?parent=4975"}],"wp:term":[{"taxonomy":"category","embeddable":true,"href":"https:\/\/peterkus.net\/si\/wp-json\/wp\/v2\/categories?post=4975"},{"taxonomy":"post_tag","embeddable":true,"href":"https:\/\/peterkus.net\/si\/wp-json\/wp\/v2\/tags?post=4975"}],"curies":[{"name":"wp","href":"https:\/\/api.w.org\/{rel}","templated":true}]}}