{"id":5548,"date":"2019-04-29T00:35:54","date_gmt":"2019-04-28T22:35:54","guid":{"rendered":"https:\/\/peterkus.net\/si\/?p=5548"},"modified":"2019-04-29T00:40:48","modified_gmt":"2019-04-28T22:40:48","slug":"100-ponovitev-predstave-zvocna-kuhna","status":"publish","type":"post","link":"https:\/\/peterkus.net\/si\/2019\/04\/29\/100-ponovitev-predstave-zvocna-kuhna\/","title":{"rendered":"100. ponovitev predstave Zvo\u010dna kuhna"},"content":{"rendered":"\n<p>V \u010detrtek, 18. 4. je bila predstava Zvo\u010dna kuhna odigrana 100. od svoje premiere 28. 3. 2015. <\/p>\n\n\n\n<p>V tem \u010dasu smo predstavo odigrali v \u0161tirih jezikih (poleg <em>sloven\u0161\u010dine<\/em> \u0161e v <em>hrva\u0161\u010dini<\/em>, <em>nem\u0161\u010dini<\/em> in<em> italijan\u0161\u010dini<\/em>) in z njo obiskali gledali\u0161\u010da in festivale na Hrva\u0161kem (<em>Blitz<\/em> v Rovinju, <em>Me\u0111unarodni dje\u010dji festival<\/em> v \u0160ibeniku, <em>SLUK<\/em> v Osijeku), v BiH (<em>Sarajevska zima<\/em>), v Avstriji (<em>Welser Figurentheaterfestival <\/em>v Welsu, <em>Fantasima<\/em> v Lienzu, <em>Kulturlabor Stromboli<\/em> v Hall na Tirolskem in <em>Cikl Cakl<\/em> v Plibergu), v Italiji (<em>Pomerigi d&#8217;inverno<\/em> v Gorici) in Sloveniji (<em>Bienale lutkovnih unstvarjalcev<\/em> v Mariboru, <em>Kulturni bazar<\/em> in <em>Bobri<\/em> v Ljubljani, <em>Kosovelov dom Se\u017eana<\/em>, <em>SNG Nova Gorica<\/em>, idr.). <\/p>\n\n\n\n<p>Predstava bo do poletja do\u017eivela scensko-likovno prenovo ter se odpravila novim dogodiv\u0161\u010dinam naproti. <\/p>\n\n\n\n<figure class=\"wp-block-image\"><img loading=\"lazy\" width=\"950\" height=\"1024\" src=\"https:\/\/peterkus.net\/si\/wp-content\/uploads\/sites\/2\/2019\/04\/kimatika_stotka-950x1024.jpg\" alt=\"\" class=\"wp-image-5549\" srcset=\"https:\/\/peterkus.net\/si\/wp-content\/uploads\/sites\/2\/2019\/04\/kimatika_stotka-950x1024.jpg 950w, https:\/\/peterkus.net\/si\/wp-content\/uploads\/sites\/2\/2019\/04\/kimatika_stotka-278x300.jpg 278w, https:\/\/peterkus.net\/si\/wp-content\/uploads\/sites\/2\/2019\/04\/kimatika_stotka-768x827.jpg 768w\" sizes=\"(max-width: 950px) 100vw, 950px\" \/><figcaption><em>&#8220;Kimati\u010dna torta&#8221;<\/em><\/figcaption><\/figure>\n\n\n\n<p><\/p>\n","protected":false},"excerpt":{"rendered":"<p>V \u010detrtek, 18. 4. je bila predstava Zvo\u010dna kuhna odigrana 100. od svoje premiere 28. 3. 2015. V tem \u010dasu smo predstavo odigrali v \u0161tirih jezikih (poleg sloven\u0161\u010dine \u0161e v hrva\u0161\u010dini, nem\u0161\u010dini in italijan\u0161\u010dini) in z njo obiskali gledali\u0161\u010da in festivale na Hrva\u0161kem (Blitz v Rovinju, Me\u0111unarodni dje\u010dji festival v \u0160ibeniku, SLUK v Osijeku), v [&hellip;]<\/p>\n","protected":false},"author":1,"featured_media":0,"comment_status":"closed","ping_status":"closed","sticky":false,"template":"","format":"standard","meta":{"om_disable_all_campaigns":false,"_mi_skip_tracking":false},"categories":[3,2],"tags":[],"aioseo_notices":[],"_links":{"self":[{"href":"https:\/\/peterkus.net\/si\/wp-json\/wp\/v2\/posts\/5548"}],"collection":[{"href":"https:\/\/peterkus.net\/si\/wp-json\/wp\/v2\/posts"}],"about":[{"href":"https:\/\/peterkus.net\/si\/wp-json\/wp\/v2\/types\/post"}],"author":[{"embeddable":true,"href":"https:\/\/peterkus.net\/si\/wp-json\/wp\/v2\/users\/1"}],"replies":[{"embeddable":true,"href":"https:\/\/peterkus.net\/si\/wp-json\/wp\/v2\/comments?post=5548"}],"version-history":[{"count":3,"href":"https:\/\/peterkus.net\/si\/wp-json\/wp\/v2\/posts\/5548\/revisions"}],"predecessor-version":[{"id":5552,"href":"https:\/\/peterkus.net\/si\/wp-json\/wp\/v2\/posts\/5548\/revisions\/5552"}],"wp:attachment":[{"href":"https:\/\/peterkus.net\/si\/wp-json\/wp\/v2\/media?parent=5548"}],"wp:term":[{"taxonomy":"category","embeddable":true,"href":"https:\/\/peterkus.net\/si\/wp-json\/wp\/v2\/categories?post=5548"},{"taxonomy":"post_tag","embeddable":true,"href":"https:\/\/peterkus.net\/si\/wp-json\/wp\/v2\/tags?post=5548"}],"curies":[{"name":"wp","href":"https:\/\/api.w.org\/{rel}","templated":true}]}}