{"id":5789,"date":"2019-06-21T12:58:39","date_gmt":"2019-06-21T10:58:39","guid":{"rendered":"https:\/\/peterkus.net\/si\/?p=5789"},"modified":"2019-07-09T10:14:56","modified_gmt":"2019-07-09T08:14:56","slug":"nepozabek-in-dzumbus-na-10-bienalu-ulu-v-mariboru","status":"publish","type":"post","link":"https:\/\/peterkus.net\/si\/2019\/06\/21\/nepozabek-in-dzumbus-na-10-bienalu-ulu-v-mariboru\/","title":{"rendered":"Nepozabek in D\u017eumbus na 10. Bienalu ULU v Mariboru"},"content":{"rendered":"\n<p>Selektorica Nika Leskov\u0161ek je v program <a href=\"https:\/\/www.lg-mb.si\/bienale-lutkovnih-ustvarjalcev-slovenije\/\">10. Bienala Ustanove lutkovnih ustvarjalcev Slovenije<\/a>, ki bo potekal med 11. in 14. 9. 2019 v Lutkovnem gledali\u0161\u010du Maribor, uvrstila tudi dve predstavi Petra Kusa: <\/p>\n\n\n\n<p>V tekmovalnem programu festivala bo v <strong>\u010detrtek, 12. 9. ob 19h<\/strong> na <em>Velikem odru LG Maribor<\/em> na sporedu predstava <a href=\"https:\/\/peterkus.net\/si\/projects\/nepozabek\/\"><strong>Nepozabek<\/strong><\/a>, v produkciji Dje\u010djeg kazali\u0161ta Branka Mihaljevi\u0107a Osijek in Zavoda Kuskus.<\/p>\n\n\n\n<p>V spremljevalnem programu festivala pa bo v <strong>sredo, 11. 9. ob 19h<\/strong> na <em>Velikem odru LG Maribor<\/em> odigrana predstava <a href=\"https:\/\/peterkus.net\/si\/projects\/dzumbus\/\"><strong>D\u017eumbus<\/strong><\/a>, v produkciji Werk89, Zavoda Federacija Ljubljana in Cankarjevega doma. <\/p>\n\n\n\n<p>Na festivalu so &#8220;prikazane najbolj\u0161e slovenske lutkovne predstave preteklih dveh let po izboru selektorja z namenom predstavitve umetni\u0161kih prese\u017ekov na podro\u010dju lutkovne ustvarjalnosti brez \u017eanrskih in starostnih omejitev&#8221;.<\/p>\n","protected":false},"excerpt":{"rendered":"<p>Selektorica Nika Leskov\u0161ek je v program 10. Bienala Ustanove lutkovnih ustvarjalcev Slovenije, ki bo potekal med 11. in 14. 9. 2019 v Lutkovnem gledali\u0161\u010du Maribor, uvrstila tudi dve predstavi Petra Kusa: V tekmovalnem programu festivala bo v \u010detrtek, 12. 9. ob 19h na Velikem odru LG Maribor na sporedu predstava Nepozabek, v produkciji Dje\u010djeg kazali\u0161ta [&hellip;]<\/p>\n","protected":false},"author":1,"featured_media":0,"comment_status":"closed","ping_status":"open","sticky":false,"template":"","format":"standard","meta":{"om_disable_all_campaigns":false,"_mi_skip_tracking":false},"categories":[3,2],"tags":[],"aioseo_notices":[],"_links":{"self":[{"href":"https:\/\/peterkus.net\/si\/wp-json\/wp\/v2\/posts\/5789"}],"collection":[{"href":"https:\/\/peterkus.net\/si\/wp-json\/wp\/v2\/posts"}],"about":[{"href":"https:\/\/peterkus.net\/si\/wp-json\/wp\/v2\/types\/post"}],"author":[{"embeddable":true,"href":"https:\/\/peterkus.net\/si\/wp-json\/wp\/v2\/users\/1"}],"replies":[{"embeddable":true,"href":"https:\/\/peterkus.net\/si\/wp-json\/wp\/v2\/comments?post=5789"}],"version-history":[{"count":2,"href":"https:\/\/peterkus.net\/si\/wp-json\/wp\/v2\/posts\/5789\/revisions"}],"predecessor-version":[{"id":5838,"href":"https:\/\/peterkus.net\/si\/wp-json\/wp\/v2\/posts\/5789\/revisions\/5838"}],"wp:attachment":[{"href":"https:\/\/peterkus.net\/si\/wp-json\/wp\/v2\/media?parent=5789"}],"wp:term":[{"taxonomy":"category","embeddable":true,"href":"https:\/\/peterkus.net\/si\/wp-json\/wp\/v2\/categories?post=5789"},{"taxonomy":"post_tag","embeddable":true,"href":"https:\/\/peterkus.net\/si\/wp-json\/wp\/v2\/tags?post=5789"}],"curies":[{"name":"wp","href":"https:\/\/api.w.org\/{rel}","templated":true}]}}