{"id":7647,"date":"2023-01-16T10:03:47","date_gmt":"2023-01-16T09:03:47","guid":{"rendered":"https:\/\/peterkus.net\/si\/?p=7647"},"modified":"2023-01-19T19:05:50","modified_gmt":"2023-01-19T18:05:50","slug":"seminar-zrss-2023","status":"publish","type":"post","link":"https:\/\/peterkus.net\/si\/2023\/01\/16\/seminar-zrss-2023\/","title":{"rendered":"Seminar ZRS\u0160: Ustvarjanje z izvirnimi instrumenti v vrtcu in \u0161oli"},"content":{"rendered":"<!-- \/wp:paragraph -->\r\n\r\n<!-- wp:group -->\r\n<div class=\"wp-block-group\"><!-- wp:group -->\r\n<div class=\"wp-block-group\"><!-- wp:html --> <style type=\"text\/css\">\r\n\t\tbody,#bodyTable,#bodyCell{\r\n\t\t\theight:100% !important;\r\n\t\t\tmargin:0;\r\n\t\t\tpadding:0;\r\n\t\t\twidth:100% !important;\r\n\t\t}\r\n\t\ttable{\r\n\t\t\tborder-collapse:collapse;\r\n\t\t}\r\n\t\timg,a img{\r\n\t\t\tborder:0;\r\n\t\t\toutline:none;\r\n\t\t\ttext-decoration:none;\r\n\t\t}\r\n\t\th1,h2,h3,h4,h5,h6{\r\n\t\t\tmargin:0;\r\n\t\t\tpadding:0;\r\n\t\t}\r\n\t\tp{\r\n\t\t\tmargin:1em 0;\r\n\t\t\tpadding:0;\r\n\t\t}\r\n\t\ta{\r\n\t\t\tword-wrap:break-word;\r\n\t\t}\r\n\t\t.mcnPreviewText{\r\n\t\t\tdisplay:none !important;\r\n\t\t}\r\n\t\t.ReadMsgBody{\r\n\t\t\twidth:100%;\r\n\t\t}\r\n\t\t.ExternalClass{\r\n\t\t\twidth:100%;\r\n\t\t}\r\n\t\t.ExternalClass,.ExternalClass p,.ExternalClass span,.ExternalClass font,.ExternalClass td,.ExternalClass div{\r\n\t\t\tline-height:100%;\r\n\t\t}\r\n\t\ttable,td{\r\n\t\t\tmso-table-lspace:0pt;\r\n\t\t\tmso-table-rspace:0pt;\r\n\t\t}\r\n\t\t#outlook a{\r\n\t\t\tpadding:0;\r\n\t\t}\r\n\t\timg{\r\n\t\t\t-ms-interpolation-mode:bicubic;\r\n\t\t}\r\n\t\tbody,table,td,p,a,li,blockquote{\r\n\t\t\t-ms-text-size-adjust:100%;\r\n\t\t\t-webkit-text-size-adjust:100%;\r\n\t\t}\r\n\t\t#templatePreheader,#templateHeader,#templateBody,#templateFooter{\r\n\t\t\tmin-width:100%;\r\n\t\t}\r\n\t\t#bodyCell{\r\n\t\t\tpadding:20px;\r\n\t\t}\r\n\t\t.mcnImage,.mcnRetinaImage{\r\n\t\t\tvertical-align:bottom;\r\n\t\t}\r\n\t\t.mcnTextContent img{\r\n\t\t\theight:auto !important;\r\n\t\t}\r\n\t\/*\r\n\t@tab Page\r\n\t@section background style\r\n\t@tip Set the background color and top border for your email. You may want to choose colors that match your company's branding.\r\n\t*\/\r\n\t\tbody,#bodyTable{\r\n\t\t\t\/*@editable*\/background-color:#;\r\n\t\t}\r\n\t\/*\r\n\t@tab Page\r\n\t@section background style\r\n\t@tip Set the background color and top border for your email. You may want to choose colors that match your company's branding.\r\n\t*\/\r\n\t\t#bodyCell{\r\n\t\t\t\/*@editable*\/border-top:0;\r\n\t\t}\r\n\t\/*\r\n\t@tab Page\r\n\t@section email border\r\n\t@tip Set the border for your email.\r\n\t*\/\r\n\t\t#templateContainer{\r\n\t\t\t\/*@editable*\/border:0;\r\n\t\t}\r\n\t\/*\r\n\t@tab Page\r\n\t@section heading 1\r\n\t@tip Set the styling for all first-level headings in your emails. These should be the largest of your headings.\r\n\t@style heading 1\r\n\t*\/\r\n\t\th1{\r\n\t\t\t\/*@editable*\/color:#606060 !important;\r\n\t\t\tdisplay:block;\r\n\t\t\t\/*@editable*\/font-family:'Open Sans', 'Helvetica Neue', Helvetica, Arial, sans-serif;\r\n\t\t\t\/*@editable*\/font-size:14px;\r\n\t\t\t\/*@editable*\/font-style:normal;\r\n\t\t\t\/*@editable*\/font-weight:bold;\r\n\t\t\t\/*@editable*\/line-height:125%;\r\n\t\t\t\/*@editable*\/letter-spacing:-1px;\r\n\t\t\tmargin:0;\r\n\t\t\t\/*@editable*\/text-align:left;\r\n\t\t}\r\n\t\/*\r\n\t@tab Page\r\n\t@section heading 2\r\n\t@tip Set the styling for all second-level headings in your emails.\r\n\t@style heading 2\r\n\t*\/\r\n\t\th2{\r\n\t\t\t\/*@editable*\/color:#404040 !important;\r\n\t\t\tdisplay:block;\r\n\t\t\t\/*@editable*\/font-family:Helvetica;\r\n\t\t\t\/*@editable*\/font-size:26px;\r\n\t\t\t\/*@editable*\/font-style:normal;\r\n\t\t\t\/*@editable*\/font-weight:bold;\r\n\t\t\t\/*@editable*\/line-height:125%;\r\n\t\t\t\/*@editable*\/letter-spacing:-.75px;\r\n\t\t\tmargin:0;\r\n\t\t\t\/*@editable*\/text-align:left;\r\n\t\t}\r\n\t\/*\r\n\t@tab Page\r\n\t@section heading 3\r\n\t@tip Set the styling for all third-level headings in your emails.\r\n\t@style heading 3\r\n\t*\/\r\n\t\th3{\r\n\t\t\t\/*@editable*\/color:#606060 !important;\r\n\t\t\tdisplay:block;\r\n\t\t\t\/*@editable*\/font-family:Helvetica;\r\n\t\t\t\/*@editable*\/font-size:18px;\r\n\t\t\t\/*@editable*\/font-style:normal;\r\n\t\t\t\/*@editable*\/font-weight:bold;\r\n\t\t\t\/*@editable*\/line-height:125%;\r\n\t\t\t\/*@editable*\/letter-spacing:-.5px;\r\n\t\t\tmargin:0;\r\n\t\t\t\/*@editable*\/text-align:left;\r\n\t\t}\r\n\t\/*\r\n\t@tab Page\r\n\t@section heading 4\r\n\t@tip Set the styling for all fourth-level headings in your emails. These should be the smallest of your headings.\r\n\t@style heading 4\r\n\t*\/\r\n\t\th4{\r\n\t\t\t\/*@editable*\/color:#808080 !important;\r\n\t\t\tdisplay:block;\r\n\t\t\t\/*@editable*\/font-family:Helvetica;\r\n\t\t\t\/*@editable*\/font-size:16px;\r\n\t\t\t\/*@editable*\/font-style:normal;\r\n\t\t\t\/*@editable*\/font-weight:bold;\r\n\t\t\t\/*@editable*\/line-height:125%;\r\n\t\t\t\/*@editable*\/letter-spacing:normal;\r\n\t\t\tmargin:0;\r\n\t\t\t\/*@editable*\/text-align:left;\r\n\t\t}\r\n\t\/*\r\n\t@tab Preheader\r\n\t@section preheader style\r\n\t@tip Set the background color and borders for your email's preheader area.\r\n\t*\/\r\n\t\t#templatePreheader{\r\n\t\t\t\/*@editable*\/background-color:#FFFFFF;\r\n\t\t\t\/*@editable*\/border-top:0;\r\n\t\t\t\/*@editable*\/border-bottom:0;\r\n\t\t}\r\n\t\/*\r\n\t@tab Preheader\r\n\t@section preheader text\r\n\t@tip Set the styling for your email's preheader text. Choose a size and color that is easy to read.\r\n\t*\/\r\n\t\t.preheaderContainer .mcnTextContent,.preheaderContainer .mcnTextContent p{\r\n\t\t\t\/*@editable*\/color:#606060;\r\n\t\t\t\/*@editable*\/font-family:'Open Sans', 'Helvetica Neue', Helvetica, Arial, sans-serif;\r\n\t\t\t\/*@editable*\/font-size:14px;\r\n\t\t\t\/*@editable*\/line-height:125%;\r\n\t\t\t\/*@editable*\/text-align:left;\r\n\t\t}\r\n\t\/*\r\n\t@tab Preheader\r\n\t@section preheader link\r\n\t@tip Set the styling for your email's header links. Choose a color that helps them stand out from your text.\r\n\t*\/\r\n\t\t.preheaderContainer .mcnTextContent a{\r\n\t\t\t\/*@editable*\/color:#606060;\r\n\t\t\t\/*@editable*\/font-weight:normal;\r\n\t\t\t\/*@editable*\/text-decoration:underline;\r\n\t\t}\r\n\t\/*\r\n\t@tab Header\r\n\t@section header style\r\n\t@tip Set the background color and borders for your email's header area.\r\n\t*\/\r\n\t\t#templateHeader{\r\n\t\t\t\/*@editable*\/background-color:#FFFFFF;\r\n\t\t\t\/*@editable*\/border-top:0;\r\n\t\t\t\/*@editable*\/border-bottom:0;\r\n\t\t}\r\n\t\/*\r\n\t@tab Header\r\n\t@section header text\r\n\t@tip Set the styling for your email's header text. Choose a size and color that is easy to read.\r\n\t*\/\r\n\t\t.headerContainer .mcnTextContent,.headerContainer .mcnTextContent p{\r\n\t\t\t\/*@editable*\/color:#606060;\r\n\t\t\t\/*@editable*\/font-family:Helvetica;\r\n\t\t\t\/*@editable*\/font-size:15px;\r\n\t\t\t\/*@editable*\/line-height:150%;\r\n\t\t\t\/*@editable*\/text-align:left;\r\n\t\t}\r\n\t\/*\r\n\t@tab Header\r\n\t@section header link\r\n\t@tip Set the styling for your email's header links. Choose a color that helps them stand out from your text.\r\n\t*\/\r\n\t\t.headerContainer .mcnTextContent a{\r\n\t\t\t\/*@editable*\/color:#6DC6DD;\r\n\t\t\t\/*@editable*\/font-weight:bold;\r\n\t\t\t\/*@editable*\/text-decoration:underline;\r\n\t\t}\r\n\t\/*\r\n\t@tab Body\r\n\t@section body style\r\n\t@tip Set the background color and borders for your email's body area.\r\n\t*\/\r\n\t\t#templateBody{\r\n\t\t\t\/*@editable*\/background-color:#FFFFFF;\r\n\t\t\t\/*@editable*\/border-top:0;\r\n\t\t\t\/*@editable*\/border-bottom:0;\r\n\t\t}\r\n\t\/*\r\n\t@tab Body\r\n\t@section body text\r\n\t@tip Set the styling for your email's body text. Choose a size and color that is easy to read.\r\n\t*\/\r\n\t\t.bodyContainer .mcnTextContent,.bodyContainer .mcnTextContent p{\r\n\t\t\t\/*@editable*\/color:#606060;\r\n\t\t\t\/*@editable*\/font-family:'Open Sans', 'Helvetica Neue', Helvetica, Arial, sans-serif;\r\n\t\t\t\/*@editable*\/font-size:14px;\r\n\t\t\t\/*@editable*\/line-height:150%;\r\n\t\t\t\/*@editable*\/text-align:left;\r\n\t\t}\r\n\t\/*\r\n\t@tab Body\r\n\t@section body link\r\n\t@tip Set the styling for your email's body links. Choose a color that helps them stand out from your text.\r\n\t*\/\r\n\t\t.bodyContainer .mcnTextContent a{\r\n\t\t\t\/*@editable*\/color:#6DC6DD;\r\n\t\t\t\/*@editable*\/font-weight:bold;\r\n\t\t\t\/*@editable*\/text-decoration:underline;\r\n\t\t}\r\n\t\/*\r\n\t@tab Footer\r\n\t@section footer style\r\n\t@tip Set the background color and borders for your email's footer area.\r\n\t*\/\r\n\t\t#templateFooter{\r\n\t\t\t\/*@editable*\/background-color:#FFFFFF;\r\n\t\t\t\/*@editable*\/border-top:0;\r\n\t\t\t\/*@editable*\/border-bottom:0;\r\n\t\t}\r\n\t\/*\r\n\t@tab Footer\r\n\t@section footer text\r\n\t@tip Set the styling for your email's footer text. Choose a size and color that is easy to read.\r\n\t*\/\r\n\t\t.footerContainer .mcnTextContent,.footerContainer .mcnTextContent p{\r\n\t\t\t\/*@editable*\/color:#606060;\r\n\t\t\t\/*@editable*\/font-family:Helvetica;\r\n\t\t\t\/*@editable*\/font-size:11px;\r\n\t\t\t\/*@editable*\/line-height:125%;\r\n\t\t\t\/*@editable*\/text-align:left;\r\n\t\t}\r\n\t\/*\r\n\t@tab Footer\r\n\t@section footer link\r\n\t@tip Set the styling for your email's footer links. Choose a color that helps them stand out from your text.\r\n\t*\/\r\n\t\t.footerContainer .mcnTextContent a{\r\n\t\t\t\/*@editable*\/color:#606060;\r\n\t\t\t\/*@editable*\/font-weight:normal;\r\n\t\t\t\/*@editable*\/text-decoration:underline;\r\n\t\t}\r\n\t@media only screen and (max-width: 480px){\r\n\t\tbody,table,td,p,a,li,blockquote{\r\n\t\t\t-webkit-text-size-adjust:none !important;\r\n\t\t}\r\n\r\n}\t@media only screen and (max-width: 480px){\r\n\t\tbody{\r\n\t\t\twidth:100% !important;\r\n\t\t\tmin-width:100% !important;\r\n\t\t}\r\n\r\n}\t@media only screen and (max-width: 480px){\r\n\t\t.mcnRetinaImage{\r\n\t\t\tmax-width:100% !important;\r\n\t\t}\r\n\r\n}\t@media only screen and (max-width: 480px){\r\n\t\ttd[id=bodyCell]{\r\n\t\t\tpadding:10px !important;\r\n\t\t}\r\n\r\n}\t@media only screen and (max-width: 480px){\r\n\t\ttable[class=mcnTextContentContainer]{\r\n\t\t\twidth:100% !important;\r\n\t\t}\r\n\r\n}\t@media only screen and (max-width: 480px){\r\n\t\t.mcnBoxedTextContentContainer{\r\n\t\t\tmax-width:100% !important;\r\n\t\t\tmin-width:100% !important;\r\n\t\t\twidth:100% !important;\r\n\t\t}\r\n\r\n}\t@media only screen and (max-width: 480px){\r\n\t\ttable[class=mcpreview-image-uploader]{\r\n\t\t\twidth:100% !important;\r\n\t\t\tdisplay:none !important;\r\n\t\t}\r\n\r\n}\t@media only screen and (max-width: 480px){\r\n\t\timg[class=mcnImage]{\r\n\t\t\twidth:100% !important;\r\n\t\t}\r\n\r\n}\t@media only screen and (max-width: 480px){\r\n\t\ttable[class=mcnImageGroupContentContainer]{\r\n\t\t\twidth:100% !important;\r\n\t\t}\r\n\r\n}\t@media only screen and (max-width: 480px){\r\n\t\ttd[class=mcnImageGroupContent]{\r\n\t\t\tpadding:9px !important;\r\n\t\t}\r\n\r\n}\t@media only screen and (max-width: 480px){\r\n\t\ttd[class=mcnImageGroupBlockInner]{\r\n\t\t\tpadding-bottom:0 !important;\r\n\t\t\tpadding-top:0 !important;\r\n\t\t}\r\n\r\n}\t@media only screen and (max-width: 480px){\r\n\t\ttbody[class=mcnImageGroupBlockOuter]{\r\n\t\t\tpadding-bottom:9px !important;\r\n\t\t\tpadding-top:9px !important;\r\n\t\t}\r\n\r\n}\t@media only screen and (max-width: 480px){\r\n\t\ttable[class=mcnCaptionTopContent],table[class=mcnCaptionBottomContent]{\r\n\t\t\twidth:100% !important;\r\n\t\t}\r\n\r\n}\t@media only screen and (max-width: 480px){\r\n\t\ttable[class=mcnCaptionLeftTextContentContainer],table[class=mcnCaptionRightTextContentContainer],table[class=mcnCaptionLeftImageContentContainer],table[class=mcnCaptionRightImageContentContainer],table[class=mcnImageCardLeftTextContentContainer],table[class=mcnImageCardRightTextContentContainer],.mcnImageCardLeftImageContentContainer,.mcnImageCardRightImageContentContainer{\r\n\t\t\twidth:100% !important;\r\n\t\t}\r\n\r\n}\t@media only screen and (max-width: 480px){\r\n\t\ttd[class=mcnImageCardLeftImageContent],td[class=mcnImageCardRightImageContent]{\r\n\t\t\tpadding-right:18px !important;\r\n\t\t\tpadding-left:18px !important;\r\n\t\t\tpadding-bottom:0 !important;\r\n\t\t}\r\n\r\n}\t@media only screen and (max-width: 480px){\r\n\t\ttd[class=mcnImageCardBottomImageContent]{\r\n\t\t\tpadding-bottom:9px !important;\r\n\t\t}\r\n\r\n}\t@media only screen and (max-width: 480px){\r\n\t\ttd[class=mcnImageCardTopImageContent]{\r\n\t\t\tpadding-top:18px !important;\r\n\t\t}\r\n\r\n}\t@media only screen and (max-width: 480px){\r\n\t\ttd[class=mcnImageCardLeftImageContent],td[class=mcnImageCardRightImageContent]{\r\n\t\t\tpadding-right:18px !important;\r\n\t\t\tpadding-left:18px !important;\r\n\t\t\tpadding-bottom:0 !important;\r\n\t\t}\r\n\r\n}\t@media only screen and (max-width: 480px){\r\n\t\ttd[class=mcnImageCardBottomImageContent]{\r\n\t\t\tpadding-bottom:9px !important;\r\n\t\t}\r\n\r\n}\t@media only screen and (max-width: 480px){\r\n\t\ttd[class=mcnImageCardTopImageContent]{\r\n\t\t\tpadding-top:18px !important;\r\n\t\t}\r\n\r\n}\t@media only screen and (max-width: 480px){\r\n\t\ttable[class=mcnCaptionLeftContentOuter] td[class=mcnTextContent],table[class=mcnCaptionRightContentOuter] td[class=mcnTextContent]{\r\n\t\t\tpadding-top:9px !important;\r\n\t\t}\r\n\r\n}\t@media only screen and (max-width: 480px){\r\n\t\ttd[class=mcnCaptionBlockInner] table[class=mcnCaptionTopContent]:last-child td[class=mcnTextContent],.mcnImageCardTopImageContent,.mcnCaptionBottomContent:last-child .mcnCaptionBottomImageContent{\r\n\t\t\tpadding-top:18px !important;\r\n\t\t}\r\n\r\n}\t@media only screen and (max-width: 480px){\r\n\t\ttd[class=mcnBoxedTextContentColumn]{\r\n\t\t\tpadding-left:18px !important;\r\n\t\t\tpadding-right:18px !important;\r\n\t\t}\r\n\r\n}\t@media only screen and (max-width: 480px){\r\n\t\ttd[class=mcnTextContent]{\r\n\t\t\tpadding-right:18px !important;\r\n\t\t\tpadding-left:18px !important;\r\n\t\t}\r\n\r\n}\t@media only screen and (max-width: 480px){\r\n\t\/*\r\n\t@tab Mobile Styles\r\n\t@section template width\r\n\t@tip Make the template fluid for portrait or landscape view adaptability. If a fluid layout doesn't work for you, set the width to 300px instead.\r\n\t*\/\r\n\t\ttable[id=templateContainer],table[id=templatePreheader],table[id=templateHeader],table[id=templateBody],table[id=templateFooter]{\r\n\t\t\t\/*@tab Mobile Styles\r\n@section template width\r\n@tip Make the template fluid for portrait or landscape view adaptability. If a fluid layout doesn't work for you, set the width to 300px instead.*\/max-width:600px !important;\r\n\t\t\t\/*@editable*\/width:100% !important;\r\n\t\t}\r\n\r\n}\t@media only screen and (max-width: 480px){\r\n\t\/*\r\n\t@tab Mobile Styles\r\n\t@section heading 1\r\n\t@tip Make the first-level headings larger in size for better readability on small screens.\r\n\t*\/\r\n\t\th1{\r\n\t\t\t\/*@editable*\/font-size:24px !important;\r\n\t\t\t\/*@editable*\/line-height:125% !important;\r\n\t\t}\r\n\r\n}\t@media only screen and (max-width: 480px){\r\n\t\/*\r\n\t@tab Mobile Styles\r\n\t@section heading 2\r\n\t@tip Make the second-level headings larger in size for better readability on small screens.\r\n\t*\/\r\n\t\th2{\r\n\t\t\t\/*@editable*\/font-size:20px !important;\r\n\t\t\t\/*@editable*\/line-height:125% !important;\r\n\t\t}\r\n\r\n}\t@media only screen and (max-width: 480px){\r\n\t\/*\r\n\t@tab Mobile Styles\r\n\t@section heading 3\r\n\t@tip Make the third-level headings larger in size for better readability on small screens.\r\n\t*\/\r\n\t\th3{\r\n\t\t\t\/*@editable*\/font-size:18px !important;\r\n\t\t\t\/*@editable*\/line-height:125% !important;\r\n\t\t}\r\n\r\n}\t@media only screen and (max-width: 480px){\r\n\t\/*\r\n\t@tab Mobile Styles\r\n\t@section heading 4\r\n\t@tip Make the fourth-level headings larger in size for better readability on small screens.\r\n\t*\/\r\n\t\th4{\r\n\t\t\t\/*@editable*\/font-size:16px !important;\r\n\t\t\t\/*@editable*\/line-height:125% !important;\r\n\t\t}\r\n\r\n}\t@media only screen and (max-width: 480px){\r\n\t\/*\r\n\t@tab Mobile Styles\r\n\t@section Boxed Text\r\n\t@tip Make the boxed text larger in size for better readability on small screens. We recommend a font size of at least 16px.\r\n\t*\/\r\n\t\ttable[class=mcnBoxedTextContentContainer] td[class=mcnTextContent],td[class=mcnBoxedTextContentContainer] td[class=mcnTextContent] p{\r\n\t\t\t\/*@editable*\/font-size:18px !important;\r\n\t\t\t\/*@editable*\/line-height:125% !important;\r\n\t\t}\r\n\r\n}\t@media only screen and (max-width: 480px){\r\n\t\/*\r\n\t@tab Mobile Styles\r\n\t@section Preheader Visibility\r\n\t@tip Set the visibility of the email's preheader on small screens. You can hide it to save space.\r\n\t*\/\r\n\t\ttable[id=templatePreheader]{\r\n\t\t\t\/*@editable*\/display:block !important;\r\n\t\t}\r\n\r\n}\t@media only screen and (max-width: 480px){\r\n\t\/*\r\n\t@tab Mobile Styles\r\n\t@section Preheader Text\r\n\t@tip Make the preheader text larger in size for better readability on small screens.\r\n\t*\/\r\n\t\ttd[class=preheaderContainer] td[class=mcnTextContent],td[class=preheaderContainer] td[class=mcnTextContent] p{\r\n\t\t\t\/*@editable*\/font-size:14px !important;\r\n\t\t\t\/*@editable*\/line-height:115% !important;\r\n\t\t}\r\n\r\n}\t@media only screen and (max-width: 480px){\r\n\t\/*\r\n\t@tab Mobile Styles\r\n\t@section Header Text\r\n\t@tip Make the header text larger in size for better readability on small screens.\r\n\t*\/\r\n\t\ttd[class=headerContainer] td[class=mcnTextContent],td[class=headerContainer] td[class=mcnTextContent] p{\r\n\t\t\t\/*@editable*\/font-size:18px !important;\r\n\t\t\t\/*@editable*\/line-height:125% !important;\r\n\t\t}\r\n\r\n}\t@media only screen and (max-width: 480px){\r\n\t\/*\r\n\t@tab Mobile Styles\r\n\t@section Body Text\r\n\t@tip Make the body text larger in size for better readability on small screens. We recommend a font size of at least 16px.\r\n\t*\/\r\n\t\ttd[class=bodyContainer] td[class=mcnTextContent],td[class=bodyContainer] td[class=mcnTextContent] p{\r\n\t\t\t\/*@editable*\/font-size:18px !important;\r\n\t\t\t\/*@editable*\/line-height:125% !important;\r\n\t\t}\r\n\r\n}\t@media only screen and (max-width: 480px){\r\n\t\/*\r\n\t@tab Mobile Styles\r\n\t@section footer text\r\n\t@tip Make the body content text larger in size for better readability on small screens.\r\n\t*\/\r\n\t\ttd[class=footerContainer] td[class=mcnTextContent],td[class=footerContainer] td[class=mcnTextContent] p{\r\n\t\t\t\/*@editable*\/font-size:14px !important;\r\n\t\t\t\/*@editable*\/line-height:115% !important;\r\n\t\t}\r\n\r\n}\t@media only screen and (max-width: 480px){\r\n\t\ttd[class=footerContainer] a[class=utilityLink]{\r\n\t\t\tdisplay:block !important;\r\n\t\t}\r\n\r\n}<\/style> <!-- \/wp:html --><\/div>\r\n<!-- \/wp:group --><\/div>\r\n<!-- \/wp:group -->\r\n\r\n<!-- wp:paragraph -->\r\n<!-- wp:html -->\r\n<table id=\"bodyTable\" border=\"0\" width=\"100%\" cellspacing=\"0\" cellpadding=\"0\" align=\"left\">\r\n<tbody>\r\n<tr>\r\n<td align=\"left\" valign=\"top\"><!-- BEGIN HEADER \/\/ -->\r\n<table id=\"templateHeader\" border=\"0\" width=\"600\" cellspacing=\"0\" cellpadding=\"0\">\r\n<tbody>\r\n<tr>\r\n<td class=\"headerContainer\" valign=\"top\">\r\n<table class=\"mcnTextBlock\" style=\"min-width: 100%;\" border=\"0\" width=\"100%\" cellspacing=\"0\" cellpadding=\"0\">\r\n<tbody class=\"mcnTextBlockOuter\">\r\n<tr>\r\n<td class=\"mcnTextBlockInner\" style=\"padding-top: 9px;\" valign=\"top\"><!-- [if mso]>\r\n\t\t\t\t<table align=\"left\" border=\"0\" cellspacing=\"0\" cellpadding=\"0\" width=\"100%\" style=\"width:100%;\">\r\n\t\t\t\t<tr>\r\n\t\t\t\t<![endif]--><!-- [if mso]>\r\n\t\t\t\t<td valign=\"top\" width=\"600\" style=\"width:600px;\">\r\n\t\t\t\t<![endif]-->\r\n<table class=\"mcnTextContentContainer\" style=\"max-width: 100%; min-width: 100%;\" border=\"0\" width=\"100%\" cellspacing=\"0\" cellpadding=\"0\" align=\"left\">\r\n<tbody>\r\n<tr>\r\n<td class=\"mcnTextContent\" style=\"padding: 0px 18px 9px; font-family: 'Open Sans', 'Helvetica Neue', Helvetica, Arial, sans-serif; font-size: 14px; line-height: 150%; text-align: justify;\" valign=\"top\">Z velikim veseljem vas vabimo na seminar <strong> Ustvarjanje z izvirnimi instrumenti v vrtcu in \u0161oli, <\/strong>ki ga bo<span style=\"font-family: open sans,helvetica neue,helvetica,arial,sans-serif;\"> vodil glasbenik in re\u017eiser <a style=\"word-wrap: break-word; -ms-text-size-adjust: 100%; -webkit-text-size-adjust: 100%; color: #6dc6dd; font-weight: bold; text-decoration: underline;\" href=\"https:\/\/peterkus.net\/si\/\" target=\"_blank\" rel=\"noopener\"><strong>Peter Kus<\/strong><\/a>.<\/span><br \/>\u00a0\r\n<div style=\"text-align: justify;\"><span style=\"font-family: open sans,helvetica neue,helvetica,arial,sans-serif;\">Potekal bo v Lutkovnem gledali\u0161\u010du Maribor v\u00a0<strong>petek, 10. 2. 2023 od 13h do 19h45\u00a0<\/strong>in v\u00a0<strong>soboto, 11. 2. 2023 od 9h30 do 17h<\/strong>. Seminar poteka v soorganizaciji Zavoda RS za \u0161olstvo, nanj pa se seminar\u00a0se prijavite v spletnem katalogu KATIS, na <a href=\"https:\/\/paka3.mss.edus.si\/Katis\/Uvodna.aspx\" target=\"_blank\" rel=\"noopener\">spletni povezavi<\/a>. \u0160tevilo mest je omejno, zato predlagamo, da s prijavami pohitite. Za dodatne informacije se lahko obrnete tudi na <a href=\"mailto:Ada.Holcar@zrss.si\" target=\"_blank\" rel=\"noopener\">Ado Holcar Brunauer<\/a>. <\/span><\/div>\r\n<\/td>\r\n<\/tr>\r\n<\/tbody>\r\n<\/table>\r\n<!-- [if mso]>\r\n\t\t\t\t<\/td>\r\n\t\t\t\t<![endif]--><!-- [if mso]>\r\n\t\t\t\t<\/tr>\r\n\t\t\t\t<\/table>\r\n\t\t\t\t<![endif]-->\r\n<table class=\"mcnCaptionBlock\" border=\"0\" width=\"100%\" cellspacing=\"0\" cellpadding=\"0\">\r\n<tbody class=\"mcnCaptionBlockOuter\">\r\n<tr>\r\n<td class=\"mcnCaptionBlockInner\" style=\"padding: 9px;\" valign=\"top\">\r\n<table class=\"mcnCaptionLeftContentOuter\" border=\"0\" width=\"100%\" cellspacing=\"0\" cellpadding=\"0\">\r\n<tbody>\r\n<tr>\r\n<td class=\"mcnCaptionLeftContentInner\" style=\"padding: 0 9px;\" valign=\"top\">\r\n<table class=\"mcnCaptionLeftImageContentContainer\" border=\"0\" width=\"264\" cellspacing=\"0\" cellpadding=\"0\" align=\"right\">\r\n<tbody>\r\n<tr>\r\n<td class=\"mcnCaptionLeftImageContent\" align=\"right\" valign=\"top\"><img class=\"mcnImage\" style=\"max-width: 1356px; border-radius: 0%;\" src=\"https:\/\/mcusercontent.com\/34f0d9c6a1c6ea68ed40ba0b9\/images\/2df760f5-c6ea-a39b-23b7-f85f38773b5c.jpg\" alt=\"\" width=\"264\" \/><\/td>\r\n<\/tr>\r\n<\/tbody>\r\n<\/table>\r\n<table class=\"mcnCaptionLeftTextContentContainer\" border=\"0\" width=\"264\" cellspacing=\"0\" cellpadding=\"0\" align=\"left\">\r\n<tbody>\r\n<tr>\r\n<td class=\"mcnTextContent\" style=\"font-family: 'Open Sans', 'Helvetica Neue', Helvetica, Arial, sans-serif; font-size: 14px; line-height: 150%;\" valign=\"top\">\r\n<div style=\"text-align: right;\">\r\n<p class=\"western\" style=\"text-align: justify; font-family: 'Open Sans', 'Helvetica Neue', Helvetica, Arial, sans-serif; font-size: 14px; line-height: 150%;\"><span style=\"font-family: open sans,helvetica neue,helvetica,arial,sans-serif;\"><span style=\"font-size: 14px;\"><span lang=\"sl-SI\">Seminar se bo pri\u010del s predavanjem <em>Ropotajo\u010di otroci in glasbena ustvarjalnost<\/em>, v katerem bo Peter Kus spregovoril o pomenu zvo\u010dnega sveta v odra\u0161\u010danju otrok, o oblikah raziskovanja zvoka pri otrocih ter o razmerju te \u201chrupne\u201d dejavnosti do glasbe. Pokazal bo, kako lahko izkoristimo ustvarjalni potencial spontanega izra\u017eanja otrok z zvoki ter oblikujemo multidisciplinarne umetni\u0161ke projekte, ki temeljijo na izdelavi in uporabi izvirnih instrumentov. <\/span><\/span><span lang=\"sl-SI\">(foto: Nina Medved Mjedved) <\/span><\/span><\/p>\r\n<\/div>\r\n<\/td>\r\n<\/tr>\r\n<\/tbody>\r\n<\/table>\r\n<\/td>\r\n<\/tr>\r\n<\/tbody>\r\n<\/table>\r\n<\/td>\r\n<\/tr>\r\n<\/tbody>\r\n<\/table>\r\n<table class=\"mcnTextContentContainer\" style=\"max-width: 100%; min-width: 100%;\" border=\"0\" width=\"100%\" cellspacing=\"0\" cellpadding=\"0\" align=\"left\">\r\n<tbody>\r\n<tr>\r\n<td class=\"mcnTextContent\" style=\"padding: 0px 18px 9px; font-family: 'Open Sans', 'Helvetica Neue', Helvetica, Arial, sans-serif; font-size: 14px; line-height: 150%; text-align: justify;\" valign=\"top\">\r\n<div style=\"text-align: justify;\"><span style=\"font-size: 14px;\">Ve\u010dji del seminarja bo posve\u010den\u00a0<em>prakti\u010dnemu delu<\/em>\u00a0na katerem bodo udele\u017eenci s pomo\u010djo mentorjev prehodili pot od izdelovanja izvirnih instrumentov do njihove uporabe pri samostojnem ustvarjanju kratkega glasbenega projekta (glasbene pravljice, glasbeno-lutkovnega prizora, glasbene to\u010dke, glasbe za nemi film, idr.) in njegove kon\u010dne izvedbe:<\/span><\/div>\r\n<ul>\r\n<li style=\"text-align: left;\">izdelali bomo nove tipe instrumentov iz materialov, ki so \u0161iroko dostopni,<\/li>\r\n<li style=\"text-align: left;\"><span style=\"font-size: 14px;\">nakazali bomo mo\u017enosti likovne nadgradnje instrumentov,<\/span><\/li>\r\n<li style=\"text-align: left;\"><span style=\"font-size: 14px;\">pokazali bomo, kako razli\u010dne instrumente v aran\u017emajskem smislu zdru\u017eujemo v skupine,<\/span><\/li>\r\n<li style=\"text-align: left;\"><span style=\"font-size: 14px;\">predstavili bomo vaje, ki omogo\u010dajo bolj\u0161o komunikacijo in improvizacijo v skupini (npr.\u00a0 tehniko t.i. \u201dzvo\u010dnega slikanja\u201d) <\/span><\/li>\r\n<li style=\"text-align: left;\"><span style=\"font-size: 14px;\">predstavili bomo grafi\u010dno zapisovanje glasbe kot oporo in inspiracijo zvo\u010dnemu ustvarjanju,<\/span><\/li>\r\n<li><span style=\"font-size: 14px;\">predstavili bomo potek oblikovanja razli\u010dnih glasbenih projektov, od ideje, izbora in priprave besedila, izdelave instrumentov, ustvarjanja glasbene podlage ter interpretacije glasbe in besedila.<\/span><\/li>\r\n<\/ul>\r\n<\/td>\r\n<\/tr>\r\n<\/tbody>\r\n<\/table>\r\n<!-- [if mso]>\r\n\t\t\t\t<\/td>\r\n\t\t\t\t<![endif]--><!-- [if mso]>\r\n\t\t\t\t<\/tr>\r\n\t\t\t\t<\/table>\r\n\t\t\t\t<![endif]--><\/td>\r\n<\/tr>\r\n<\/tbody>\r\n<\/table>\r\n<!-- \/\/ END HEADER --><!-- BEGIN BODY \/\/ -->\r\n<table id=\"templateBody\" border=\"0\" width=\"600\" cellspacing=\"0\" cellpadding=\"0\">\r\n<tbody>\r\n<tr>\r\n<td class=\"bodyContainer\" valign=\"top\">\r\n<table class=\"mcnCaptionBlock\" border=\"0\" width=\"100%\" cellspacing=\"0\" cellpadding=\"0\">\r\n<tbody class=\"mcnCaptionBlockOuter\">\r\n<tr>\r\n<td class=\"mcnCaptionBlockInner\" style=\"padding: 9px;\" valign=\"top\">\r\n<table class=\"mcnCaptionBottomContent\" border=\"0\" cellspacing=\"0\" cellpadding=\"0\" align=\"left\">\r\n<tbody>\r\n<tr>\r\n<td class=\"mcnCaptionBottomImageContent\" style=\"padding: 0 9px 9px 9px;\" align=\"center\" valign=\"top\"><img class=\"mcnImage\" style=\"max-width: 3500px; border: 1px none #222222;\" src=\"https:\/\/mcusercontent.com\/34f0d9c6a1c6ea68ed40ba0b9\/_compresseds\/527710de-9c26-9380-1536-1784cda976b6.jpg\" alt=\"\" width=\"564\" \/><\/td>\r\n<\/tr>\r\n<tr>\r\n<td class=\"mcnTextContent\" style=\"padding: 0 9px 0 9px;\" valign=\"top\" width=\"564\">\r\n<div style=\"text-align: left;\"><span style=\"font-family: open sans,helvetica neue,helvetica,arial,sans-serif;\"><em><span style=\"font-size: 10px;\">Foto: Nada \u017dgank<\/span><\/em><\/span><\/div>\r\n<div style=\"text-align: justify;\"><span style=\"font-family: open sans,helvetica neue,helvetica,arial,sans-serif;\"><span style=\"font-size: 14px;\">Del programa bo ogled predstave <a href=\"https:\/\/peterkus.net\/si\/projects\/plastonci\/\" target=\"_blank\" rel=\"noopener\">Plastonci<\/a> (v soboto, 11. 2. ob 10h v Lutkovnem gledali\u0161\u010du Maribor). Gre za <\/span>ekolo\u0161ko glasbeno &#8211; lutkovno fantazijo, ki spregovori smetenju in brezbri\u017enem uni\u010devanju na\u0161ega planeta.<br \/><br \/><span style=\"font-size: 14px;\">Po predstavi in pogledu v njeno zakulisje bodo udele\u017eenci ob pomo\u010di mentorjev ustvarili svojo izvirno lutkovno glasbeno predstavo iz recikliranih materialov, ki jo bodo uprizorili ob zaklju\u010dku seminarja.<\/span><\/span><\/div>\r\n<\/td>\r\n<\/tr>\r\n<\/tbody>\r\n<\/table>\r\n<\/td>\r\n<\/tr>\r\n<\/tbody>\r\n<\/table>\r\n<\/td>\r\n<\/tr>\r\n<\/tbody>\r\n<\/table>\r\n<\/td>\r\n<\/tr>\r\n<\/tbody>\r\n<\/table>\r\n<\/td>\r\n<\/tr>\r\n<\/tbody>\r\n<\/table>","protected":false},"excerpt":{"rendered":"<p>Z velikim veseljem vas vabimo na seminar Ustvarjanje z izvirnimi instrumenti v vrtcu in \u0161oli, ki ga bo vodil glasbenik in re\u017eiser Peter Kus.\u00a0 Potekal bo v Lutkovnem gledali\u0161\u010du Maribor v\u00a0petek, 10. 2. 2023 od 13h do 19h45\u00a0in v\u00a0soboto, 11. 2. 2023 od 9h30 do 17h. Seminar poteka v soorganizaciji Zavoda RS za \u0161olstvo, nanj [&hellip;]<\/p>\n","protected":false},"author":1,"featured_media":0,"comment_status":"closed","ping_status":"open","sticky":false,"template":"","format":"standard","meta":{"om_disable_all_campaigns":false,"_mi_skip_tracking":false},"categories":[4],"tags":[],"aioseo_notices":[],"_links":{"self":[{"href":"https:\/\/peterkus.net\/si\/wp-json\/wp\/v2\/posts\/7647"}],"collection":[{"href":"https:\/\/peterkus.net\/si\/wp-json\/wp\/v2\/posts"}],"about":[{"href":"https:\/\/peterkus.net\/si\/wp-json\/wp\/v2\/types\/post"}],"author":[{"embeddable":true,"href":"https:\/\/peterkus.net\/si\/wp-json\/wp\/v2\/users\/1"}],"replies":[{"embeddable":true,"href":"https:\/\/peterkus.net\/si\/wp-json\/wp\/v2\/comments?post=7647"}],"version-history":[{"count":49,"href":"https:\/\/peterkus.net\/si\/wp-json\/wp\/v2\/posts\/7647\/revisions"}],"predecessor-version":[{"id":8342,"href":"https:\/\/peterkus.net\/si\/wp-json\/wp\/v2\/posts\/7647\/revisions\/8342"}],"wp:attachment":[{"href":"https:\/\/peterkus.net\/si\/wp-json\/wp\/v2\/media?parent=7647"}],"wp:term":[{"taxonomy":"category","embeddable":true,"href":"https:\/\/peterkus.net\/si\/wp-json\/wp\/v2\/categories?post=7647"},{"taxonomy":"post_tag","embeddable":true,"href":"https:\/\/peterkus.net\/si\/wp-json\/wp\/v2\/tags?post=7647"}],"curies":[{"name":"wp","href":"https:\/\/api.w.org\/{rel}","templated":true}]}}