{"id":8584,"date":"2025-06-19T16:40:44","date_gmt":"2025-06-19T14:40:44","guid":{"rendered":"https:\/\/peterkus.net\/si\/?p=8584"},"modified":"2025-09-06T22:29:44","modified_gmt":"2025-09-06T20:29:44","slug":"ustvarjanje-z-izvirnimi-instrumenti","status":"publish","type":"post","link":"https:\/\/peterkus.net\/si\/2025\/06\/19\/ustvarjanje-z-izvirnimi-instrumenti\/","title":{"rendered":"Ustvarjanje z izvirnimi instrumenti v \u0161oli in vrtcu (seminar KATIS)"},"content":{"rendered":"\n<p>Z velikim veseljem vas vabimo na seminar <strong>Ustvarjanje z izvirnimi instrumenti v vrtcu in \u0161oli, <\/strong>ki ga pripravljata glasbenik in re\u017eiser <a rel=\"noreferrer noopener\" href=\"https:\/\/peterkus.net\/si\/about\/\" target=\"_blank\"><strong>Peter Kus<\/strong><\/a> ter glasbena pedagoginja <strong><a rel=\"noreferrer noopener\" href=\"https:\/\/planetglasbe.si\/kdo-sem\/\" target=\"_blank\">Sara Smrekar<\/a>.<\/strong> Namenjen je vzgojitelj(e\/ica)m vrtcev ter u\u010ditelj(e\/ica)m osnovnih ter glasbenih \u0161ol (PGV in GP).<\/p>\n\n\n\n<p>Potekal bo v <strong>petek, 28. 11. 2025 od 13h do 19h45 <\/strong>in v <strong>soboto, 29. 11. 2025 od 9h30 do 17h<\/strong>, v Cankarjevem domu v   Ljubljani.<\/p>\n\n\n\n<p><strong>16 urni seminar <\/strong>je del <em>Programov nadaljnjega izobra\u017eevanja in usposabljanja strokovnih delavcev v vzgoji in izobra\u017eevanju<\/em> in je vklju\u010den v<strong> <a href=\"https:\/\/paka3.mss.edus.si\/Katis\/Program.aspx?ID=10667\">spletni katalog KATIS<\/a>. <\/strong>Prijave bodo odprte septembra 2025, zadnji rok za prijavo pa bo ponedeljek,<strong> 24. 11. 2025.<\/strong><\/p>\n\n\n\n<p>Za dodatne informacije nam lahko pi\u0161ete na elektronski naslov <a rel=\"noreferrer noopener\" href=\"mailto:info@peterkus.net\" target=\"_blank\"><strong>info@peterkus.net<\/strong><\/a> ali nas pokli\u010dete na \u0161tevilko <strong>041 657860.<\/strong><\/p>\n\n\n\n<div class=\"wp-block-buttons is-content-justification-center is-vertical\">\n<div class=\"wp-block-button has-custom-width wp-block-button__width-50 is-style-outline\"><a class=\"wp-block-button__link has-white-color has-vivid-cyan-blue-background-color has-text-color has-background\" href=\"mailto:info@peterkus.net\" style=\"border-radius:10px\" target=\"_blank\" rel=\"noreferrer noopener\">Dodatne informacije<\/a><\/div>\n<\/div>\n\n\n\n<p>    <\/p>\n\n\n\n<div class=\"wp-block-columns\">\n<div class=\"wp-block-column\" style=\"flex-basis:33.33%\">\n<div class=\"wp-block-columns\">\n<div class=\"wp-block-column\" style=\"flex-basis:100%\">\n<figure class=\"wp-block-image is-resized is-style-default\"><img src=\"https:\/\/peterkus.net\/si\/wp-content\/uploads\/sites\/2\/2025\/09\/LeJardin01_foto-NinaMedvedMjedved-edited.jpg\" alt=\"\" class=\"wp-image-9031\" width=\"251\" srcset=\"https:\/\/peterkus.net\/si\/wp-content\/uploads\/sites\/2\/2025\/09\/LeJardin01_foto-NinaMedvedMjedved-edited.jpg 1356w, https:\/\/peterkus.net\/si\/wp-content\/uploads\/sites\/2\/2025\/09\/LeJardin01_foto-NinaMedvedMjedved-edited-225x300.jpg 225w, https:\/\/peterkus.net\/si\/wp-content\/uploads\/sites\/2\/2025\/09\/LeJardin01_foto-NinaMedvedMjedved-edited-768x1024.jpg 768w, https:\/\/peterkus.net\/si\/wp-content\/uploads\/sites\/2\/2025\/09\/LeJardin01_foto-NinaMedvedMjedved-edited-1152x1536.jpg 1152w\" sizes=\"(max-width: 1356px) 100vw, 1356px\" \/><figcaption><sub><span class=\"has-inline-color has-cyan-bluish-gray-color\">Foto: Nina Medved<\/span><\/sub><\/figcaption><\/figure>\n\n\n\n<p><\/p>\n<\/div>\n<\/div>\n\n\n\n<p><\/p>\n<\/div>\n\n\n\n<div class=\"wp-block-column is-vertically-aligned-center\" style=\"flex-basis:66.66%\">\n<p class=\"has-text-align-left\">V uvodnem predavanju bo <strong>Peter Kus<\/strong> spregovoril o pomenu in na\u010dinih <em>raziskovanja zvoka pri otrocih<\/em> ter o razmerju te \u201cropotajo\u010de\u201d dejavnosti do glasbe. Pokazal bo, kako lahko izkoristimo ustvarjalni potencial spontanega zvo\u010dnega izra\u017eanja otrok z zvoki ter <em>z njimi ustvarimo multidisciplinarne umetni\u0161ke projekte<\/em>, ki temeljijo na izdelavi in uporabi izvirnih instrumentov. Spregovorili bomo tudi o tem, zakaj je <em>aktivno umetni\u0161ko ustvarjanje<\/em> otrok \u0161e posebej pomembno v \u010dasu razmaha umetne inteligence.<\/p>\n<\/div>\n<\/div>\n\n\n\n<div class=\"wp-block-columns\">\n<div class=\"wp-block-column is-vertically-aligned-center\">\n<p class=\"has-text-align-right\">Kot mentorici bosta na seminarju sodelovali glasbena pedagoginja <strong>Sara Smrekar<\/strong>, ki se v poklicu u\u010diteljice in v znanstvenem delu posebej posve\u010da glasbenemu ustvarjanju najmlaj\u0161ih, ter vzgojiteljica <strong>Alenka \u010co\u017e<\/strong>.<\/p>\n<\/div>\n\n\n\n<div class=\"wp-block-column\">\n<figure class=\"wp-block-image size-medium is-style-default\"><a href=\"https:\/\/peterkus.net\/si\/wp-content\/uploads\/sites\/2\/2020\/02\/delavnica_tinqueux02.jpg\"><img loading=\"lazy\" width=\"300\" height=\"200\" src=\"https:\/\/peterkus.net\/si\/wp-content\/uploads\/sites\/2\/2020\/02\/delavnica_tinqueux02-300x200.jpg\" alt=\"\" class=\"wp-image-6120\" srcset=\"https:\/\/peterkus.net\/si\/wp-content\/uploads\/sites\/2\/2020\/02\/delavnica_tinqueux02-300x200.jpg 300w, https:\/\/peterkus.net\/si\/wp-content\/uploads\/sites\/2\/2020\/02\/delavnica_tinqueux02.jpg 700w\" sizes=\"(max-width: 300px) 100vw, 300px\" \/><\/a><figcaption><sub><span class=\"has-inline-color has-cyan-bluish-gray-color\">Foto: Nina Medved<\/span><\/sub><\/figcaption><\/figure>\n<\/div>\n<\/div>\n\n\n\n<p>Ve\u010dji del seminarja bo posve\u010den <em>prakti\u010dnemu delu<\/em> na katerem bodo udele\u017eenci s pomo\u010djo mentorjev prehodili pot od izdelovanja izvirnih instrumentov do njihove uporabe pri samostojnem ustvarjanju kratkega glasbeno-gledali\u0161kega projekta (glasbene pravljice, glasbeno-lutkovne predstave, koncerta na izvirnih instrumentih, ipd.) in njegove kon\u010dne izvedbe:<\/p>\n\n\n\n<ul><li><strong>izdelali bomo izvirne instrumente<\/strong> iz materialov, ki so \u0161iroko dostopni in primerni za izdelavo v vrtcu in \u0161oli,<\/li><li>nakazali bomo mo\u017enosti <strong>likovne nadgradnje<\/strong> instrumentov,<\/li><li>predstavili bomo vaje, ki omogo\u010dajo bolj\u0161o komunikacijo in improvizacijo v skupini in pokazali, kako znjihovo pomo\u010djo <strong>ustvarimo izvirne glasbeno-lutkovne vsebine<\/strong>,<\/li><li>s konkretnimi primeri bomo predstavili <strong>potek priprave razli\u010dnih glasbeno-gledali\u0161kih projektov<\/strong>, od ideje, izbora in priprave besedila, izdelave instrumentov ali lutk, ustvarjanja glasbene podlage ter interpretacije nastopa.<\/li><\/ul>\n\n\n\n<div class=\"wp-block-image is-style-default\"><figure class=\"aligncenter size-full is-resized\"><a href=\"https:\/\/peterkus.net\/si\/wp-content\/uploads\/sites\/2\/2024\/06\/Blup07.jpg\"><img loading=\"lazy\" src=\"https:\/\/peterkus.net\/si\/wp-content\/uploads\/sites\/2\/2024\/06\/Blup07.jpg\" alt=\"\" class=\"wp-image-8658\" width=\"525\" height=\"350\" srcset=\"https:\/\/peterkus.net\/si\/wp-content\/uploads\/sites\/2\/2024\/06\/Blup07.jpg 700w, https:\/\/peterkus.net\/si\/wp-content\/uploads\/sites\/2\/2024\/06\/Blup07-300x200.jpg 300w\" sizes=\"(max-width: 525px) 100vw, 525px\" \/><\/a><\/figure><\/div>\n\n\n\n<p>V okviru programa bo v soboto, <strong>29. 11. 2025 ob 10h<\/strong> v Kosovelovi dvorani Cankarjevega doma tudi ponovitev predstave <strong><a rel=\"noreferrer noopener\" href=\"https:\/\/peterkus.net\/si\/projects\/blup\/\" target=\"_blank\">Blup?<\/a><\/strong>. Gre za glasbeno-lutkovno predstavo, ki skozi prigode vodnega bitja spregovori o na\u0161em odnosu do vode.<\/p>\n\n\n\n<p>Po predstavi in pogledu v njeno zakulisje bodo udele\u017eenci, ob pomo\u010di mentorjev, ustvarili <strong>svojo izvirno lutkovno &#8211; glasbeno predstavo<\/strong> iz recikliranih materialov in jo uprizorili ob zaklju\u010dku seminarja.<\/p>\n","protected":false},"excerpt":{"rendered":"<p>Z velikim veseljem vas vabimo na seminar Ustvarjanje z izvirnimi instrumenti v vrtcu in \u0161oli, ki ga pripravljata glasbenik in re\u017eiser Peter Kus ter glasbena pedagoginja Sara Smrekar. Namenjen je vzgojitelj(e\/ica)m vrtcev ter u\u010ditelj(e\/ica)m osnovnih ter glasbenih \u0161ol (PGV in GP). Potekal bo v petek, 28. 11. 2025 od 13h do 19h45 in v soboto, [&hellip;]<\/p>\n","protected":false},"author":1,"featured_media":0,"comment_status":"closed","ping_status":"closed","sticky":false,"template":"","format":"standard","meta":{"om_disable_all_campaigns":false,"_mi_skip_tracking":false},"categories":[4],"tags":[],"aioseo_notices":[],"_links":{"self":[{"href":"https:\/\/peterkus.net\/si\/wp-json\/wp\/v2\/posts\/8584"}],"collection":[{"href":"https:\/\/peterkus.net\/si\/wp-json\/wp\/v2\/posts"}],"about":[{"href":"https:\/\/peterkus.net\/si\/wp-json\/wp\/v2\/types\/post"}],"author":[{"embeddable":true,"href":"https:\/\/peterkus.net\/si\/wp-json\/wp\/v2\/users\/1"}],"replies":[{"embeddable":true,"href":"https:\/\/peterkus.net\/si\/wp-json\/wp\/v2\/comments?post=8584"}],"version-history":[{"count":85,"href":"https:\/\/peterkus.net\/si\/wp-json\/wp\/v2\/posts\/8584\/revisions"}],"predecessor-version":[{"id":9037,"href":"https:\/\/peterkus.net\/si\/wp-json\/wp\/v2\/posts\/8584\/revisions\/9037"}],"wp:attachment":[{"href":"https:\/\/peterkus.net\/si\/wp-json\/wp\/v2\/media?parent=8584"}],"wp:term":[{"taxonomy":"category","embeddable":true,"href":"https:\/\/peterkus.net\/si\/wp-json\/wp\/v2\/categories?post=8584"},{"taxonomy":"post_tag","embeddable":true,"href":"https:\/\/peterkus.net\/si\/wp-json\/wp\/v2\/tags?post=8584"}],"curies":[{"name":"wp","href":"https:\/\/api.w.org\/{rel}","templated":true}]}}